{"id":1108,"date":"2025-04-05T00:09:56","date_gmt":"2025-04-04T22:09:56","guid":{"rendered":"https:\/\/tsvmusberg.de\/turnen\/?p=1108"},"modified":"2025-07-14T07:42:30","modified_gmt":"2025-07-14T05:42:30","slug":"geraeteturnen-grundschule","status":"publish","type":"post","link":"https:\/\/tsvmusberg.de\/turnen\/news\/geraeteturnen-grundschule\/","title":{"rendered":"Ger\u00e4teturnen Grundschule"},"content":{"rendered":"<div>\n<div>Ger\u00e4teturnen f\u00fcr Kinder<\/div>\n<div>3.-5. Klasse\ud83e\udd38\ud83c\udffc\u200d\u2642\ufe0f\ud83e\udd38\ud83c\udffb\u200d\u2642\ufe0f<\/div>\n<div><\/div>\n<\/div>\n<div>Ort: Sporthalle<\/div>\n<div>Zeit:Mittwoch 16 &#8211; 17 Uhr<\/div>\n<div>Wer: Hetty Hirschbach<\/div>\n<div>Anmeldung: Gesch\u00e4ftsstelle TSV Musberg<\/div>\n<p>Wir freuen uns auf EUCH<\/p>\n<p><img decoding=\"async\" class=\"alignnone size-medium wp-image-1110\" src=\"https:\/\/tsvmusberg.de\/turnen\/wp-content\/uploads\/sites\/21\/5-240x300.jpg\" alt=\"\" width=\"240\" height=\"300\" srcset=\"https:\/\/tsvmusberg.de\/turnen\/wp-content\/uploads\/sites\/21\/5-240x300.jpg 240w, https:\/\/tsvmusberg.de\/turnen\/wp-content\/uploads\/sites\/21\/5-819x1024.jpg 819w, https:\/\/tsvmusberg.de\/turnen\/wp-content\/uploads\/sites\/21\/5-768x960.jpg 768w, https:\/\/tsvmusberg.de\/turnen\/wp-content\/uploads\/sites\/21\/5.jpg 1080w\" sizes=\"(max-width: 240px) 100vw, 240px\" \/><\/p>\n","protected":false},"excerpt":{"rendered":"<p>Ger\u00e4teturnen f\u00fcr Kinder 3.-5. Klasse\ud83e\udd38\ud83c\udffc\u200d\u2642\ufe0f\ud83e\udd38\ud83c\udffb\u200d\u2642\ufe0f Ort: Sporthalle Zeit:Mittwoch 16 &#8211; 17 Uhr Wer: Hetty Hirschbach Anmeldung: Gesch\u00e4ftsstelle TSV Musberg Wir freuen uns auf EUCH<\/p>\n","protected":false},"author":12,"featured_media":1109,"comment_status":"closed","ping_status":"closed","sticky":false,"template":"","format":"standard","meta":{"footnotes":""},"categories":[1],"tags":[],"class_list":{"0":"post-1108","1":"post","2":"type-post","3":"status-publish","4":"format-standard","5":"has-post-thumbnail","7":"category-news"},"yoast_head":"<!-- This site is optimized with the Yoast SEO plugin v27.5 - https:\/\/yoast.com\/product\/yoast-seo-wordpress\/ -->\n<title>Ger\u00e4teturnen Grundschule | Turnen<\/title>\n<meta name=\"robots\" content=\"index, follow, max-snippet:-1, max-image-preview:large, max-video-preview:-1\" \/>\n<link rel=\"canonical\" href=\"https:\/\/tsvmusberg.de\/turnen\/news\/geraeteturnen-grundschule\/\" \/>\n<meta property=\"og:locale\" content=\"de_DE\" \/>\n<meta property=\"og:type\" content=\"article\" \/>\n<meta property=\"og:title\" content=\"Ger\u00e4teturnen Grundschule | Turnen\" \/>\n<meta property=\"og:description\" content=\"Ger\u00e4teturnen f\u00fcr Kinder 3.-5. Klasse\ud83e\udd38\ud83c\udffc\u200d\u2642\ufe0f\ud83e\udd38\ud83c\udffb\u200d\u2642\ufe0f Ort: Sporthalle Zeit:Mittwoch 16 &#8211; 17 Uhr Wer: Hetty Hirschbach Anmeldung: Gesch\u00e4ftsstelle TSV Musberg Wir freuen uns auf EUCH\" \/>\n<meta property=\"og:url\" content=\"https:\/\/tsvmusberg.de\/turnen\/news\/geraeteturnen-grundschule\/\" \/>\n<meta property=\"og:site_name\" content=\"Turnen\" \/>\n<meta property=\"article:published_time\" content=\"2025-04-04T22:09:56+00:00\" \/>\n<meta property=\"article:modified_time\" content=\"2025-07-14T05:42:30+00:00\" \/>\n<meta property=\"og:image\" content=\"https:\/\/tsvmusberg.de\/turnen\/wp-content\/uploads\/sites\/21\/1.jpg\" \/>\n\t<meta property=\"og:image:width\" content=\"1080\" \/>\n\t<meta property=\"og:image:height\" content=\"1350\" \/>\n\t<meta property=\"og:image:type\" content=\"image\/jpeg\" \/>\n<meta name=\"author\" content=\"hetty\" \/>\n<meta name=\"twitter:card\" content=\"summary_large_image\" \/>\n<meta name=\"twitter:label1\" content=\"Verfasst von\" \/>\n\t<meta name=\"twitter:data1\" content=\"hetty\" \/>\n\t<meta name=\"twitter:label2\" content=\"Gesch\u00e4tzte Lesezeit\" \/>\n\t<meta name=\"twitter:data2\" content=\"1\u00a0Minute\" \/>\n<script type=\"application\/ld+json\" class=\"yoast-schema-graph\">{\"@context\":\"https:\\\/\\\/schema.org\",\"@graph\":[{\"@type\":\"Article\",\"@id\":\"https:\\\/\\\/tsvmusberg.de\\\/turnen\\\/news\\\/geraeteturnen-grundschule\\\/#article\",\"isPartOf\":{\"@id\":\"https:\\\/\\\/tsvmusberg.de\\\/turnen\\\/news\\\/geraeteturnen-grundschule\\\/\"},\"author\":{\"name\":\"hetty\",\"@id\":\"https:\\\/\\\/tsvmusberg.de\\\/turnen\\\/#\\\/schema\\\/person\\\/9009e405ec060066736beafd03f27b87\"},\"headline\":\"Ger\u00e4teturnen Grundschule\",\"datePublished\":\"2025-04-04T22:09:56+00:00\",\"dateModified\":\"2025-07-14T05:42:30+00:00\",\"mainEntityOfPage\":{\"@id\":\"https:\\\/\\\/tsvmusberg.de\\\/turnen\\\/news\\\/geraeteturnen-grundschule\\\/\"},\"wordCount\":29,\"publisher\":{\"@id\":\"https:\\\/\\\/tsvmusberg.de\\\/turnen\\\/#organization\"},\"image\":{\"@id\":\"https:\\\/\\\/tsvmusberg.de\\\/turnen\\\/news\\\/geraeteturnen-grundschule\\\/#primaryimage\"},\"thumbnailUrl\":\"https:\\\/\\\/tsvmusberg.de\\\/turnen\\\/wp-content\\\/uploads\\\/sites\\\/21\\\/1.jpg\",\"articleSection\":[\"News\"],\"inLanguage\":\"de\"},{\"@type\":\"WebPage\",\"@id\":\"https:\\\/\\\/tsvmusberg.de\\\/turnen\\\/news\\\/geraeteturnen-grundschule\\\/\",\"url\":\"https:\\\/\\\/tsvmusberg.de\\\/turnen\\\/news\\\/geraeteturnen-grundschule\\\/\",\"name\":\"Ger\u00e4teturnen Grundschule | Turnen\",\"isPartOf\":{\"@id\":\"https:\\\/\\\/tsvmusberg.de\\\/turnen\\\/#website\"},\"primaryImageOfPage\":{\"@id\":\"https:\\\/\\\/tsvmusberg.de\\\/turnen\\\/news\\\/geraeteturnen-grundschule\\\/#primaryimage\"},\"image\":{\"@id\":\"https:\\\/\\\/tsvmusberg.de\\\/turnen\\\/news\\\/geraeteturnen-grundschule\\\/#primaryimage\"},\"thumbnailUrl\":\"https:\\\/\\\/tsvmusberg.de\\\/turnen\\\/wp-content\\\/uploads\\\/sites\\\/21\\\/1.jpg\",\"datePublished\":\"2025-04-04T22:09:56+00:00\",\"dateModified\":\"2025-07-14T05:42:30+00:00\",\"breadcrumb\":{\"@id\":\"https:\\\/\\\/tsvmusberg.de\\\/turnen\\\/news\\\/geraeteturnen-grundschule\\\/#breadcrumb\"},\"inLanguage\":\"de\",\"potentialAction\":[{\"@type\":\"ReadAction\",\"target\":[\"https:\\\/\\\/tsvmusberg.de\\\/turnen\\\/news\\\/geraeteturnen-grundschule\\\/\"]}]},{\"@type\":\"ImageObject\",\"inLanguage\":\"de\",\"@id\":\"https:\\\/\\\/tsvmusberg.de\\\/turnen\\\/news\\\/geraeteturnen-grundschule\\\/#primaryimage\",\"url\":\"https:\\\/\\\/tsvmusberg.de\\\/turnen\\\/wp-content\\\/uploads\\\/sites\\\/21\\\/1.jpg\",\"contentUrl\":\"https:\\\/\\\/tsvmusberg.de\\\/turnen\\\/wp-content\\\/uploads\\\/sites\\\/21\\\/1.jpg\",\"width\":1080,\"height\":1350},{\"@type\":\"BreadcrumbList\",\"@id\":\"https:\\\/\\\/tsvmusberg.de\\\/turnen\\\/news\\\/geraeteturnen-grundschule\\\/#breadcrumb\",\"itemListElement\":[{\"@type\":\"ListItem\",\"position\":1,\"name\":\"Startseite\",\"item\":\"https:\\\/\\\/tsvmusberg.de\\\/turnen\\\/\"},{\"@type\":\"ListItem\",\"position\":2,\"name\":\"Ger\u00e4teturnen Grundschule\"}]},{\"@type\":\"WebSite\",\"@id\":\"https:\\\/\\\/tsvmusberg.de\\\/turnen\\\/#website\",\"url\":\"https:\\\/\\\/tsvmusberg.de\\\/turnen\\\/\",\"name\":\"Turnen\",\"description\":\"Turn- und Sportvereinigung in Leinfelden-Echterdingen\",\"publisher\":{\"@id\":\"https:\\\/\\\/tsvmusberg.de\\\/turnen\\\/#organization\"},\"potentialAction\":[{\"@type\":\"SearchAction\",\"target\":{\"@type\":\"EntryPoint\",\"urlTemplate\":\"https:\\\/\\\/tsvmusberg.de\\\/turnen\\\/?s={search_term_string}\"},\"query-input\":{\"@type\":\"PropertyValueSpecification\",\"valueRequired\":true,\"valueName\":\"search_term_string\"}}],\"inLanguage\":\"de\"},{\"@type\":\"Organization\",\"@id\":\"https:\\\/\\\/tsvmusberg.de\\\/turnen\\\/#organization\",\"name\":\"TSV Musberg e.V.\",\"url\":\"https:\\\/\\\/tsvmusberg.de\\\/turnen\\\/\",\"logo\":{\"@type\":\"ImageObject\",\"inLanguage\":\"de\",\"@id\":\"https:\\\/\\\/tsvmusberg.de\\\/turnen\\\/#\\\/schema\\\/logo\\\/image\\\/\",\"url\":\"https:\\\/\\\/tsvmusberg.de\\\/turnen\\\/wp-content\\\/uploads\\\/sites\\\/21\\\/tsv-musberg-logo.svg\",\"contentUrl\":\"https:\\\/\\\/tsvmusberg.de\\\/turnen\\\/wp-content\\\/uploads\\\/sites\\\/21\\\/tsv-musberg-logo.svg\",\"width\":1,\"height\":1,\"caption\":\"TSV Musberg e.V.\"},\"image\":{\"@id\":\"https:\\\/\\\/tsvmusberg.de\\\/turnen\\\/#\\\/schema\\\/logo\\\/image\\\/\"}},{\"@type\":\"Person\",\"@id\":\"https:\\\/\\\/tsvmusberg.de\\\/turnen\\\/#\\\/schema\\\/person\\\/9009e405ec060066736beafd03f27b87\",\"name\":\"hetty\",\"image\":{\"@type\":\"ImageObject\",\"inLanguage\":\"de\",\"@id\":\"https:\\\/\\\/secure.gravatar.com\\\/avatar\\\/705a63fe3416b7575b46aeca1e5263e01d2b9aacf338042e9dde4f763e0b09d1?s=96&d=mm&r=g\",\"url\":\"https:\\\/\\\/secure.gravatar.com\\\/avatar\\\/705a63fe3416b7575b46aeca1e5263e01d2b9aacf338042e9dde4f763e0b09d1?s=96&d=mm&r=g\",\"contentUrl\":\"https:\\\/\\\/secure.gravatar.com\\\/avatar\\\/705a63fe3416b7575b46aeca1e5263e01d2b9aacf338042e9dde4f763e0b09d1?s=96&d=mm&r=g\",\"caption\":\"hetty\"},\"url\":\"https:\\\/\\\/tsvmusberg.de\\\/turnen\\\/author\\\/hetty\\\/\"}]}<\/script>\n<!-- \/ Yoast SEO plugin. -->","yoast_head_json":{"title":"Ger\u00e4teturnen Grundschule | Turnen","robots":{"index":"index","follow":"follow","max-snippet":"max-snippet:-1","max-image-preview":"max-image-preview:large","max-video-preview":"max-video-preview:-1"},"canonical":"https:\/\/tsvmusberg.de\/turnen\/news\/geraeteturnen-grundschule\/","og_locale":"de_DE","og_type":"article","og_title":"Ger\u00e4teturnen Grundschule | Turnen","og_description":"Ger\u00e4teturnen f\u00fcr Kinder 3.-5. Klasse\ud83e\udd38\ud83c\udffc\u200d\u2642\ufe0f\ud83e\udd38\ud83c\udffb\u200d\u2642\ufe0f Ort: Sporthalle Zeit:Mittwoch 16 &#8211; 17 Uhr Wer: Hetty Hirschbach Anmeldung: Gesch\u00e4ftsstelle TSV Musberg Wir freuen uns auf EUCH","og_url":"https:\/\/tsvmusberg.de\/turnen\/news\/geraeteturnen-grundschule\/","og_site_name":"Turnen","article_published_time":"2025-04-04T22:09:56+00:00","article_modified_time":"2025-07-14T05:42:30+00:00","og_image":[{"width":1080,"height":1350,"url":"https:\/\/tsvmusberg.de\/turnen\/wp-content\/uploads\/sites\/21\/1.jpg","type":"image\/jpeg"}],"author":"hetty","twitter_card":"summary_large_image","twitter_misc":{"Verfasst von":"hetty","Gesch\u00e4tzte Lesezeit":"1\u00a0Minute"},"schema":{"@context":"https:\/\/schema.org","@graph":[{"@type":"Article","@id":"https:\/\/tsvmusberg.de\/turnen\/news\/geraeteturnen-grundschule\/#article","isPartOf":{"@id":"https:\/\/tsvmusberg.de\/turnen\/news\/geraeteturnen-grundschule\/"},"author":{"name":"hetty","@id":"https:\/\/tsvmusberg.de\/turnen\/#\/schema\/person\/9009e405ec060066736beafd03f27b87"},"headline":"Ger\u00e4teturnen Grundschule","datePublished":"2025-04-04T22:09:56+00:00","dateModified":"2025-07-14T05:42:30+00:00","mainEntityOfPage":{"@id":"https:\/\/tsvmusberg.de\/turnen\/news\/geraeteturnen-grundschule\/"},"wordCount":29,"publisher":{"@id":"https:\/\/tsvmusberg.de\/turnen\/#organization"},"image":{"@id":"https:\/\/tsvmusberg.de\/turnen\/news\/geraeteturnen-grundschule\/#primaryimage"},"thumbnailUrl":"https:\/\/tsvmusberg.de\/turnen\/wp-content\/uploads\/sites\/21\/1.jpg","articleSection":["News"],"inLanguage":"de"},{"@type":"WebPage","@id":"https:\/\/tsvmusberg.de\/turnen\/news\/geraeteturnen-grundschule\/","url":"https:\/\/tsvmusberg.de\/turnen\/news\/geraeteturnen-grundschule\/","name":"Ger\u00e4teturnen Grundschule | Turnen","isPartOf":{"@id":"https:\/\/tsvmusberg.de\/turnen\/#website"},"primaryImageOfPage":{"@id":"https:\/\/tsvmusberg.de\/turnen\/news\/geraeteturnen-grundschule\/#primaryimage"},"image":{"@id":"https:\/\/tsvmusberg.de\/turnen\/news\/geraeteturnen-grundschule\/#primaryimage"},"thumbnailUrl":"https:\/\/tsvmusberg.de\/turnen\/wp-content\/uploads\/sites\/21\/1.jpg","datePublished":"2025-04-04T22:09:56+00:00","dateModified":"2025-07-14T05:42:30+00:00","breadcrumb":{"@id":"https:\/\/tsvmusberg.de\/turnen\/news\/geraeteturnen-grundschule\/#breadcrumb"},"inLanguage":"de","potentialAction":[{"@type":"ReadAction","target":["https:\/\/tsvmusberg.de\/turnen\/news\/geraeteturnen-grundschule\/"]}]},{"@type":"ImageObject","inLanguage":"de","@id":"https:\/\/tsvmusberg.de\/turnen\/news\/geraeteturnen-grundschule\/#primaryimage","url":"https:\/\/tsvmusberg.de\/turnen\/wp-content\/uploads\/sites\/21\/1.jpg","contentUrl":"https:\/\/tsvmusberg.de\/turnen\/wp-content\/uploads\/sites\/21\/1.jpg","width":1080,"height":1350},{"@type":"BreadcrumbList","@id":"https:\/\/tsvmusberg.de\/turnen\/news\/geraeteturnen-grundschule\/#breadcrumb","itemListElement":[{"@type":"ListItem","position":1,"name":"Startseite","item":"https:\/\/tsvmusberg.de\/turnen\/"},{"@type":"ListItem","position":2,"name":"Ger\u00e4teturnen Grundschule"}]},{"@type":"WebSite","@id":"https:\/\/tsvmusberg.de\/turnen\/#website","url":"https:\/\/tsvmusberg.de\/turnen\/","name":"Turnen","description":"Turn- und Sportvereinigung in Leinfelden-Echterdingen","publisher":{"@id":"https:\/\/tsvmusberg.de\/turnen\/#organization"},"potentialAction":[{"@type":"SearchAction","target":{"@type":"EntryPoint","urlTemplate":"https:\/\/tsvmusberg.de\/turnen\/?s={search_term_string}"},"query-input":{"@type":"PropertyValueSpecification","valueRequired":true,"valueName":"search_term_string"}}],"inLanguage":"de"},{"@type":"Organization","@id":"https:\/\/tsvmusberg.de\/turnen\/#organization","name":"TSV Musberg e.V.","url":"https:\/\/tsvmusberg.de\/turnen\/","logo":{"@type":"ImageObject","inLanguage":"de","@id":"https:\/\/tsvmusberg.de\/turnen\/#\/schema\/logo\/image\/","url":"https:\/\/tsvmusberg.de\/turnen\/wp-content\/uploads\/sites\/21\/tsv-musberg-logo.svg","contentUrl":"https:\/\/tsvmusberg.de\/turnen\/wp-content\/uploads\/sites\/21\/tsv-musberg-logo.svg","width":1,"height":1,"caption":"TSV Musberg e.V."},"image":{"@id":"https:\/\/tsvmusberg.de\/turnen\/#\/schema\/logo\/image\/"}},{"@type":"Person","@id":"https:\/\/tsvmusberg.de\/turnen\/#\/schema\/person\/9009e405ec060066736beafd03f27b87","name":"hetty","image":{"@type":"ImageObject","inLanguage":"de","@id":"https:\/\/secure.gravatar.com\/avatar\/705a63fe3416b7575b46aeca1e5263e01d2b9aacf338042e9dde4f763e0b09d1?s=96&d=mm&r=g","url":"https:\/\/secure.gravatar.com\/avatar\/705a63fe3416b7575b46aeca1e5263e01d2b9aacf338042e9dde4f763e0b09d1?s=96&d=mm&r=g","contentUrl":"https:\/\/secure.gravatar.com\/avatar\/705a63fe3416b7575b46aeca1e5263e01d2b9aacf338042e9dde4f763e0b09d1?s=96&d=mm&r=g","caption":"hetty"},"url":"https:\/\/tsvmusberg.de\/turnen\/author\/hetty\/"}]}},"_links":{"self":[{"href":"https:\/\/tsvmusberg.de\/turnen\/wp-json\/wp\/v2\/posts\/1108","targetHints":{"allow":["GET"]}}],"collection":[{"href":"https:\/\/tsvmusberg.de\/turnen\/wp-json\/wp\/v2\/posts"}],"about":[{"href":"https:\/\/tsvmusberg.de\/turnen\/wp-json\/wp\/v2\/types\/post"}],"author":[{"embeddable":true,"href":"https:\/\/tsvmusberg.de\/turnen\/wp-json\/wp\/v2\/users\/12"}],"replies":[{"embeddable":true,"href":"https:\/\/tsvmusberg.de\/turnen\/wp-json\/wp\/v2\/comments?post=1108"}],"version-history":[{"count":3,"href":"https:\/\/tsvmusberg.de\/turnen\/wp-json\/wp\/v2\/posts\/1108\/revisions"}],"predecessor-version":[{"id":1146,"href":"https:\/\/tsvmusberg.de\/turnen\/wp-json\/wp\/v2\/posts\/1108\/revisions\/1146"}],"wp:featuredmedia":[{"embeddable":true,"href":"https:\/\/tsvmusberg.de\/turnen\/wp-json\/wp\/v2\/media\/1109"}],"wp:attachment":[{"href":"https:\/\/tsvmusberg.de\/turnen\/wp-json\/wp\/v2\/media?parent=1108"}],"wp:term":[{"taxonomy":"category","embeddable":true,"href":"https:\/\/tsvmusberg.de\/turnen\/wp-json\/wp\/v2\/categories?post=1108"},{"taxonomy":"post_tag","embeddable":true,"href":"https:\/\/tsvmusberg.de\/turnen\/wp-json\/wp\/v2\/tags?post=1108"}],"curies":[{"name":"wp","href":"https:\/\/api.w.org\/{rel}","templated":true}]}}