{"id":2359,"date":"2025-01-19T18:22:10","date_gmt":"2025-01-19T17:22:10","guid":{"rendered":"https:\/\/tsvmusberg.de\/fussball\/?p=2359"},"modified":"2025-01-19T18:59:14","modified_gmt":"2025-01-19T17:59:14","slug":"trainingsbesuch-guido-buchwald","status":"publish","type":"post","link":"https:\/\/tsvmusberg.de\/fussball\/inklusion\/news-inklusion\/trainingsbesuch-guido-buchwald\/","title":{"rendered":"Trainingsbesuch Guido Buchwald"},"content":{"rendered":"<p style=\"text-align: center\"><strong><br \/>\nSp<\/strong><strong>endenaktion des Vereins Deutsch-Internationale Fu\u00dfballfreundschaft e.V.<\/strong><\/p>\n<p>Nach einer Reihe erfolgreicher Aktivit\u00e4ten zur F\u00f6rderung des Fu\u00dfballnachwuchses im In-und Ausland, vornehmlich in Kuba, Bulgarien und auf den kapverdischen Inseln hat der Verein \u201eDeutsch-Internationale Fu\u00dfballfreundschaft e.V.\u201c 28 Jahre nach seiner Gr\u00fcndung seine Arbeit offiziell beendet. Zum Abschluss haben sich die Macher des F\u00f6rdervereins entschieden, das \u201eAll-Inklusiv-Team\u201c des TSV Musberg mit Sachspenden in Form von Sporttaschen und Fu\u00dfb\u00e4llen zu unterst\u00fctzen und die jahrelange ehrenamtliche T\u00e4tigkeit der verantwortlichen Betreuerinnen und Betreuerdes TSV Musberg, stellvertretend fu\u0308r alle Unified-Teams im Lande, zu w\u00fcrdigen. Die \u00dcbergabe dieser gro\u00dfz\u00fcgigen Sachspende erfolgte am 17.01.2025 durch Klaus Sattler, einem der Vorstandsmitglieder und Macher des Vereins \u201eDeutsch- Internationale Fu\u00dfballfreundschaft\u201c auf dem Sportgel\u00e4nde des TSV Musberg im Rahmen einer Trainingseinheit. Als besonderer Gast besuchte Fu\u00dfballweltmeister Guido Buchwald das Training des \u201eAll-Inklusiv-Teams\u201c und informierte sich \u00fcber das Team aus Sportlern mit und ohne Handicap, die Unified-Liga des WfV und die geplanten weiteren Aktivit\u00e4ten des Teams. Zudem erf\u00fcllte Guido Buchwald zahlreiche Autogramm- und Fotow\u00fcnsche der Spielerinnen und Spieler und stand sogar f\u00fcr ein kurzes Interview zur Verf\u00fcgung.<\/p>\n<p>\u201eWir freuen uns sehr \u00fcber die uns zuteilwerdende Unterst\u00fctzung und den Besuch des Weltmeisters\u201c, betonte der Trainer des \u201eAll-Inklusiv-Teams\u201c des TSV Musberg, Alex Schmidt. Das Team des TSV Musberg \u201eAll Inklusiv\u201c dankt den Verantwortlichen des<br \/>\n\u201eVereins Deutsch-Internationale Fu\u00dfballfreundschaft\u201c f\u00fcr die tolle Unterst\u00fctzung und das einmalige Erlebnis, einen Fu\u00dfballweltmeister bei einem Training zu Gast zu haben. Es war f\u00fcr die Kids ein unbeschreibliches Erlebnis.<\/p>\n<p>&nbsp;<\/p>\n<p>&nbsp;<\/p>\n<p><img decoding=\"async\" class=\"alignnone wp-image-2366\" src=\"https:\/\/tsvmusberg.de\/fussball\/wp-content\/uploads\/sites\/14\/WhatsApp-Image-2025-01-18-at-17.10.08-225x300.jpeg\" alt=\"\" width=\"131\" height=\"174\" srcset=\"https:\/\/tsvmusberg.de\/fussball\/wp-content\/uploads\/sites\/14\/WhatsApp-Image-2025-01-18-at-17.10.08-225x300.jpeg 225w, https:\/\/tsvmusberg.de\/fussball\/wp-content\/uploads\/sites\/14\/WhatsApp-Image-2025-01-18-at-17.10.08-768x1024.jpeg 768w, https:\/\/tsvmusberg.de\/fussball\/wp-content\/uploads\/sites\/14\/WhatsApp-Image-2025-01-18-at-17.10.08-300x400.jpeg 300w, https:\/\/tsvmusberg.de\/fussball\/wp-content\/uploads\/sites\/14\/WhatsApp-Image-2025-01-18-at-17.10.08-1152x1536.jpeg 1152w, https:\/\/tsvmusberg.de\/fussball\/wp-content\/uploads\/sites\/14\/WhatsApp-Image-2025-01-18-at-17.10.08.jpeg 1200w\" sizes=\"(max-width: 131px) 100vw, 131px\" \/>\u00a0 \u00a0<img decoding=\"async\" class=\"alignnone wp-image-2365 \" src=\"https:\/\/tsvmusberg.de\/fussball\/wp-content\/uploads\/sites\/14\/Buchwald-11-e1737308107406-300x221.jpg\" alt=\"\" width=\"233\" height=\"172\" srcset=\"https:\/\/tsvmusberg.de\/fussball\/wp-content\/uploads\/sites\/14\/Buchwald-11-e1737308107406-300x221.jpg 300w, https:\/\/tsvmusberg.de\/fussball\/wp-content\/uploads\/sites\/14\/Buchwald-11-e1737308107406-768x565.jpg 768w, https:\/\/tsvmusberg.de\/fussball\/wp-content\/uploads\/sites\/14\/Buchwald-11-e1737308107406.jpg 810w\" sizes=\"(max-width: 233px) 100vw, 233px\" \/>\u00a0 \u00a0<img decoding=\"async\" class=\"alignnone wp-image-2363 \" src=\"https:\/\/tsvmusberg.de\/fussball\/wp-content\/uploads\/sites\/14\/Buchwald-9-e1737308288379-300x254.jpg\" alt=\"\" width=\"201\" height=\"170\" srcset=\"https:\/\/tsvmusberg.de\/fussball\/wp-content\/uploads\/sites\/14\/Buchwald-9-e1737308288379-300x254.jpg 300w, https:\/\/tsvmusberg.de\/fussball\/wp-content\/uploads\/sites\/14\/Buchwald-9-e1737308288379-768x650.jpg 768w, https:\/\/tsvmusberg.de\/fussball\/wp-content\/uploads\/sites\/14\/Buchwald-9-e1737308288379.jpg 796w\" sizes=\"(max-width: 201px) 100vw, 201px\" \/>\u00a0 \u00a0<img decoding=\"async\" class=\"alignnone wp-image-2369 \" src=\"https:\/\/tsvmusberg.de\/fussball\/wp-content\/uploads\/sites\/14\/Buchwald-12-e1737308401104-300x223.jpg\" alt=\"\" width=\"226\" height=\"168\" srcset=\"https:\/\/tsvmusberg.de\/fussball\/wp-content\/uploads\/sites\/14\/Buchwald-12-e1737308401104-300x223.jpg 300w, https:\/\/tsvmusberg.de\/fussball\/wp-content\/uploads\/sites\/14\/Buchwald-12-e1737308401104-768x570.jpg 768w, https:\/\/tsvmusberg.de\/fussball\/wp-content\/uploads\/sites\/14\/Buchwald-12-e1737308401104.jpg 908w\" sizes=\"(max-width: 226px) 100vw, 226px\" \/>\u00a0 <img decoding=\"async\" class=\"alignnone wp-image-2346\" src=\"https:\/\/tsvmusberg.de\/fussball\/wp-content\/uploads\/sites\/14\/Buchwald-2-300x296.jpg\" alt=\"\" width=\"171\" height=\"169\" srcset=\"https:\/\/tsvmusberg.de\/fussball\/wp-content\/uploads\/sites\/14\/Buchwald-2-300x296.jpg 300w, https:\/\/tsvmusberg.de\/fussball\/wp-content\/uploads\/sites\/14\/Buchwald-2-1024x1009.jpg 1024w, https:\/\/tsvmusberg.de\/fussball\/wp-content\/uploads\/sites\/14\/Buchwald-2-768x757.jpg 768w, https:\/\/tsvmusberg.de\/fussball\/wp-content\/uploads\/sites\/14\/Buchwald-2-100x100.jpg 100w, https:\/\/tsvmusberg.de\/fussball\/wp-content\/uploads\/sites\/14\/Buchwald-2.jpg 1218w\" sizes=\"(max-width: 171px) 100vw, 171px\" \/><\/p>\n<p><a href=\"https:\/\/tsvmusberg.de\/fussball\/inklusion\/bildergalerie\/\"><em>Weitere Bilder in unserer Bildergalerie<\/em><\/a><\/p>\n","protected":false},"excerpt":{"rendered":"<p>Spendenaktion des Vereins Deutsch-Internationale Fu\u00dfballfreundschaft e.V. Nach einer Reihe erfolgreicher Aktivit\u00e4ten zur F\u00f6rderung des Fu\u00dfballnachwuchses im In-und Ausland, vornehmlich in Kuba, Bulgarien und auf den kapverdischen Inseln hat der Verein&#8230;<\/p>\n","protected":false},"author":5,"featured_media":2345,"comment_status":"closed","ping_status":"closed","sticky":false,"template":"","format":"standard","meta":{"footnotes":""},"categories":[21,20],"tags":[],"class_list":{"0":"post-2359","1":"post","2":"type-post","3":"status-publish","4":"format-standard","5":"has-post-thumbnail","7":"category-inklusion","8":"category-news-inklusion"},"yoast_head":"<!-- This site is optimized with the Yoast SEO plugin v27.5 - https:\/\/yoast.com\/product\/yoast-seo-wordpress\/ -->\n<title>Trainingsbesuch Guido Buchwald | Fu\u00dfball<\/title>\n<meta name=\"robots\" content=\"index, follow, max-snippet:-1, max-image-preview:large, max-video-preview:-1\" \/>\n<link rel=\"canonical\" href=\"https:\/\/tsvmusberg.de\/fussball\/inklusion\/news-inklusion\/trainingsbesuch-guido-buchwald\/\" \/>\n<meta property=\"og:locale\" content=\"de_DE\" \/>\n<meta property=\"og:type\" content=\"article\" \/>\n<meta property=\"og:title\" content=\"Trainingsbesuch Guido Buchwald | Fu\u00dfball\" \/>\n<meta property=\"og:description\" content=\"Spendenaktion des Vereins Deutsch-Internationale Fu\u00dfballfreundschaft e.V. Nach einer Reihe erfolgreicher Aktivit\u00e4ten zur F\u00f6rderung des Fu\u00dfballnachwuchses im In-und Ausland, vornehmlich in Kuba, Bulgarien und auf den kapverdischen Inseln hat der Verein...\" \/>\n<meta property=\"og:url\" content=\"https:\/\/tsvmusberg.de\/fussball\/inklusion\/news-inklusion\/trainingsbesuch-guido-buchwald\/\" \/>\n<meta property=\"og:site_name\" content=\"Fu\u00dfball\" \/>\n<meta property=\"article:published_time\" content=\"2025-01-19T17:22:10+00:00\" \/>\n<meta property=\"article:modified_time\" content=\"2025-01-19T17:59:14+00:00\" \/>\n<meta property=\"og:image\" content=\"https:\/\/tsvmusberg.de\/fussball\/wp-content\/uploads\/sites\/14\/Buchwald-1.jpg\" \/>\n\t<meta property=\"og:image:width\" content=\"1200\" \/>\n\t<meta property=\"og:image:height\" content=\"675\" \/>\n\t<meta property=\"og:image:type\" content=\"image\/jpeg\" \/>\n<meta name=\"author\" content=\"inklusion\" \/>\n<meta name=\"twitter:card\" content=\"summary_large_image\" \/>\n<meta name=\"twitter:label1\" content=\"Verfasst von\" \/>\n\t<meta name=\"twitter:data1\" content=\"inklusion\" \/>\n\t<meta name=\"twitter:label2\" content=\"Gesch\u00e4tzte Lesezeit\" \/>\n\t<meta name=\"twitter:data2\" content=\"3\u00a0Minuten\" \/>\n<script type=\"application\/ld+json\" class=\"yoast-schema-graph\">{\"@context\":\"https:\\\/\\\/schema.org\",\"@graph\":[{\"@type\":\"Article\",\"@id\":\"https:\\\/\\\/tsvmusberg.de\\\/fussball\\\/inklusion\\\/news-inklusion\\\/trainingsbesuch-guido-buchwald\\\/#article\",\"isPartOf\":{\"@id\":\"https:\\\/\\\/tsvmusberg.de\\\/fussball\\\/inklusion\\\/news-inklusion\\\/trainingsbesuch-guido-buchwald\\\/\"},\"author\":{\"name\":\"inklusion\",\"@id\":\"https:\\\/\\\/tsvmusberg.de\\\/fussball\\\/#\\\/schema\\\/person\\\/3772a19f3c5855ee42d17d94e01f8b7d\"},\"headline\":\"Trainingsbesuch Guido Buchwald\",\"datePublished\":\"2025-01-19T17:22:10+00:00\",\"dateModified\":\"2025-01-19T17:59:14+00:00\",\"mainEntityOfPage\":{\"@id\":\"https:\\\/\\\/tsvmusberg.de\\\/fussball\\\/inklusion\\\/news-inklusion\\\/trainingsbesuch-guido-buchwald\\\/\"},\"wordCount\":275,\"publisher\":{\"@id\":\"https:\\\/\\\/tsvmusberg.de\\\/fussball\\\/#organization\"},\"image\":{\"@id\":\"https:\\\/\\\/tsvmusberg.de\\\/fussball\\\/inklusion\\\/news-inklusion\\\/trainingsbesuch-guido-buchwald\\\/#primaryimage\"},\"thumbnailUrl\":\"https:\\\/\\\/tsvmusberg.de\\\/fussball\\\/wp-content\\\/uploads\\\/sites\\\/14\\\/Buchwald-1.jpg\",\"articleSection\":[\"Inklusion\",\"Neuigkeiten\"],\"inLanguage\":\"de\"},{\"@type\":\"WebPage\",\"@id\":\"https:\\\/\\\/tsvmusberg.de\\\/fussball\\\/inklusion\\\/news-inklusion\\\/trainingsbesuch-guido-buchwald\\\/\",\"url\":\"https:\\\/\\\/tsvmusberg.de\\\/fussball\\\/inklusion\\\/news-inklusion\\\/trainingsbesuch-guido-buchwald\\\/\",\"name\":\"Trainingsbesuch Guido Buchwald | Fu\u00dfball\",\"isPartOf\":{\"@id\":\"https:\\\/\\\/tsvmusberg.de\\\/fussball\\\/#website\"},\"primaryImageOfPage\":{\"@id\":\"https:\\\/\\\/tsvmusberg.de\\\/fussball\\\/inklusion\\\/news-inklusion\\\/trainingsbesuch-guido-buchwald\\\/#primaryimage\"},\"image\":{\"@id\":\"https:\\\/\\\/tsvmusberg.de\\\/fussball\\\/inklusion\\\/news-inklusion\\\/trainingsbesuch-guido-buchwald\\\/#primaryimage\"},\"thumbnailUrl\":\"https:\\\/\\\/tsvmusberg.de\\\/fussball\\\/wp-content\\\/uploads\\\/sites\\\/14\\\/Buchwald-1.jpg\",\"datePublished\":\"2025-01-19T17:22:10+00:00\",\"dateModified\":\"2025-01-19T17:59:14+00:00\",\"breadcrumb\":{\"@id\":\"https:\\\/\\\/tsvmusberg.de\\\/fussball\\\/inklusion\\\/news-inklusion\\\/trainingsbesuch-guido-buchwald\\\/#breadcrumb\"},\"inLanguage\":\"de\",\"potentialAction\":[{\"@type\":\"ReadAction\",\"target\":[\"https:\\\/\\\/tsvmusberg.de\\\/fussball\\\/inklusion\\\/news-inklusion\\\/trainingsbesuch-guido-buchwald\\\/\"]}]},{\"@type\":\"ImageObject\",\"inLanguage\":\"de\",\"@id\":\"https:\\\/\\\/tsvmusberg.de\\\/fussball\\\/inklusion\\\/news-inklusion\\\/trainingsbesuch-guido-buchwald\\\/#primaryimage\",\"url\":\"https:\\\/\\\/tsvmusberg.de\\\/fussball\\\/wp-content\\\/uploads\\\/sites\\\/14\\\/Buchwald-1.jpg\",\"contentUrl\":\"https:\\\/\\\/tsvmusberg.de\\\/fussball\\\/wp-content\\\/uploads\\\/sites\\\/14\\\/Buchwald-1.jpg\",\"width\":1200,\"height\":675},{\"@type\":\"BreadcrumbList\",\"@id\":\"https:\\\/\\\/tsvmusberg.de\\\/fussball\\\/inklusion\\\/news-inklusion\\\/trainingsbesuch-guido-buchwald\\\/#breadcrumb\",\"itemListElement\":[{\"@type\":\"ListItem\",\"position\":1,\"name\":\"Startseite\",\"item\":\"https:\\\/\\\/tsvmusberg.de\\\/fussball\\\/\"},{\"@type\":\"ListItem\",\"position\":2,\"name\":\"Trainingsbesuch Guido Buchwald\"}]},{\"@type\":\"WebSite\",\"@id\":\"https:\\\/\\\/tsvmusberg.de\\\/fussball\\\/#website\",\"url\":\"https:\\\/\\\/tsvmusberg.de\\\/fussball\\\/\",\"name\":\"Fu\u00dfball\",\"description\":\"Turn- und Sportvereinigung in Leinfelden-Echterdingen\",\"publisher\":{\"@id\":\"https:\\\/\\\/tsvmusberg.de\\\/fussball\\\/#organization\"},\"potentialAction\":[{\"@type\":\"SearchAction\",\"target\":{\"@type\":\"EntryPoint\",\"urlTemplate\":\"https:\\\/\\\/tsvmusberg.de\\\/fussball\\\/?s={search_term_string}\"},\"query-input\":{\"@type\":\"PropertyValueSpecification\",\"valueRequired\":true,\"valueName\":\"search_term_string\"}}],\"inLanguage\":\"de\"},{\"@type\":\"Organization\",\"@id\":\"https:\\\/\\\/tsvmusberg.de\\\/fussball\\\/#organization\",\"name\":\"TSV Musberg e.V.\",\"url\":\"https:\\\/\\\/tsvmusberg.de\\\/fussball\\\/\",\"logo\":{\"@type\":\"ImageObject\",\"inLanguage\":\"de\",\"@id\":\"https:\\\/\\\/tsvmusberg.de\\\/fussball\\\/#\\\/schema\\\/logo\\\/image\\\/\",\"url\":\"https:\\\/\\\/tsvmusberg.de\\\/fussball\\\/wp-content\\\/uploads\\\/sites\\\/14\\\/tsv-musberg-logo.svg\",\"contentUrl\":\"https:\\\/\\\/tsvmusberg.de\\\/fussball\\\/wp-content\\\/uploads\\\/sites\\\/14\\\/tsv-musberg-logo.svg\",\"width\":1,\"height\":1,\"caption\":\"TSV Musberg e.V.\"},\"image\":{\"@id\":\"https:\\\/\\\/tsvmusberg.de\\\/fussball\\\/#\\\/schema\\\/logo\\\/image\\\/\"}},{\"@type\":\"Person\",\"@id\":\"https:\\\/\\\/tsvmusberg.de\\\/fussball\\\/#\\\/schema\\\/person\\\/3772a19f3c5855ee42d17d94e01f8b7d\",\"name\":\"inklusion\",\"image\":{\"@type\":\"ImageObject\",\"inLanguage\":\"de\",\"@id\":\"https:\\\/\\\/secure.gravatar.com\\\/avatar\\\/73475a598e6cd7a5da612a3da36356b27cc0221200b0697cf6e9bdabe92c3735?s=96&d=mm&r=g\",\"url\":\"https:\\\/\\\/secure.gravatar.com\\\/avatar\\\/73475a598e6cd7a5da612a3da36356b27cc0221200b0697cf6e9bdabe92c3735?s=96&d=mm&r=g\",\"contentUrl\":\"https:\\\/\\\/secure.gravatar.com\\\/avatar\\\/73475a598e6cd7a5da612a3da36356b27cc0221200b0697cf6e9bdabe92c3735?s=96&d=mm&r=g\",\"caption\":\"inklusion\"},\"url\":\"https:\\\/\\\/tsvmusberg.de\\\/fussball\\\/author\\\/inklusion\\\/\"}]}<\/script>\n<!-- \/ Yoast SEO plugin. -->","yoast_head_json":{"title":"Trainingsbesuch Guido Buchwald | Fu\u00dfball","robots":{"index":"index","follow":"follow","max-snippet":"max-snippet:-1","max-image-preview":"max-image-preview:large","max-video-preview":"max-video-preview:-1"},"canonical":"https:\/\/tsvmusberg.de\/fussball\/inklusion\/news-inklusion\/trainingsbesuch-guido-buchwald\/","og_locale":"de_DE","og_type":"article","og_title":"Trainingsbesuch Guido Buchwald | Fu\u00dfball","og_description":"Spendenaktion des Vereins Deutsch-Internationale Fu\u00dfballfreundschaft e.V. Nach einer Reihe erfolgreicher Aktivit\u00e4ten zur F\u00f6rderung des Fu\u00dfballnachwuchses im In-und Ausland, vornehmlich in Kuba, Bulgarien und auf den kapverdischen Inseln hat der Verein...","og_url":"https:\/\/tsvmusberg.de\/fussball\/inklusion\/news-inklusion\/trainingsbesuch-guido-buchwald\/","og_site_name":"Fu\u00dfball","article_published_time":"2025-01-19T17:22:10+00:00","article_modified_time":"2025-01-19T17:59:14+00:00","og_image":[{"width":1200,"height":675,"url":"https:\/\/tsvmusberg.de\/fussball\/wp-content\/uploads\/sites\/14\/Buchwald-1.jpg","type":"image\/jpeg"}],"author":"inklusion","twitter_card":"summary_large_image","twitter_misc":{"Verfasst von":"inklusion","Gesch\u00e4tzte Lesezeit":"3\u00a0Minuten"},"schema":{"@context":"https:\/\/schema.org","@graph":[{"@type":"Article","@id":"https:\/\/tsvmusberg.de\/fussball\/inklusion\/news-inklusion\/trainingsbesuch-guido-buchwald\/#article","isPartOf":{"@id":"https:\/\/tsvmusberg.de\/fussball\/inklusion\/news-inklusion\/trainingsbesuch-guido-buchwald\/"},"author":{"name":"inklusion","@id":"https:\/\/tsvmusberg.de\/fussball\/#\/schema\/person\/3772a19f3c5855ee42d17d94e01f8b7d"},"headline":"Trainingsbesuch Guido Buchwald","datePublished":"2025-01-19T17:22:10+00:00","dateModified":"2025-01-19T17:59:14+00:00","mainEntityOfPage":{"@id":"https:\/\/tsvmusberg.de\/fussball\/inklusion\/news-inklusion\/trainingsbesuch-guido-buchwald\/"},"wordCount":275,"publisher":{"@id":"https:\/\/tsvmusberg.de\/fussball\/#organization"},"image":{"@id":"https:\/\/tsvmusberg.de\/fussball\/inklusion\/news-inklusion\/trainingsbesuch-guido-buchwald\/#primaryimage"},"thumbnailUrl":"https:\/\/tsvmusberg.de\/fussball\/wp-content\/uploads\/sites\/14\/Buchwald-1.jpg","articleSection":["Inklusion","Neuigkeiten"],"inLanguage":"de"},{"@type":"WebPage","@id":"https:\/\/tsvmusberg.de\/fussball\/inklusion\/news-inklusion\/trainingsbesuch-guido-buchwald\/","url":"https:\/\/tsvmusberg.de\/fussball\/inklusion\/news-inklusion\/trainingsbesuch-guido-buchwald\/","name":"Trainingsbesuch Guido Buchwald | Fu\u00dfball","isPartOf":{"@id":"https:\/\/tsvmusberg.de\/fussball\/#website"},"primaryImageOfPage":{"@id":"https:\/\/tsvmusberg.de\/fussball\/inklusion\/news-inklusion\/trainingsbesuch-guido-buchwald\/#primaryimage"},"image":{"@id":"https:\/\/tsvmusberg.de\/fussball\/inklusion\/news-inklusion\/trainingsbesuch-guido-buchwald\/#primaryimage"},"thumbnailUrl":"https:\/\/tsvmusberg.de\/fussball\/wp-content\/uploads\/sites\/14\/Buchwald-1.jpg","datePublished":"2025-01-19T17:22:10+00:00","dateModified":"2025-01-19T17:59:14+00:00","breadcrumb":{"@id":"https:\/\/tsvmusberg.de\/fussball\/inklusion\/news-inklusion\/trainingsbesuch-guido-buchwald\/#breadcrumb"},"inLanguage":"de","potentialAction":[{"@type":"ReadAction","target":["https:\/\/tsvmusberg.de\/fussball\/inklusion\/news-inklusion\/trainingsbesuch-guido-buchwald\/"]}]},{"@type":"ImageObject","inLanguage":"de","@id":"https:\/\/tsvmusberg.de\/fussball\/inklusion\/news-inklusion\/trainingsbesuch-guido-buchwald\/#primaryimage","url":"https:\/\/tsvmusberg.de\/fussball\/wp-content\/uploads\/sites\/14\/Buchwald-1.jpg","contentUrl":"https:\/\/tsvmusberg.de\/fussball\/wp-content\/uploads\/sites\/14\/Buchwald-1.jpg","width":1200,"height":675},{"@type":"BreadcrumbList","@id":"https:\/\/tsvmusberg.de\/fussball\/inklusion\/news-inklusion\/trainingsbesuch-guido-buchwald\/#breadcrumb","itemListElement":[{"@type":"ListItem","position":1,"name":"Startseite","item":"https:\/\/tsvmusberg.de\/fussball\/"},{"@type":"ListItem","position":2,"name":"Trainingsbesuch Guido Buchwald"}]},{"@type":"WebSite","@id":"https:\/\/tsvmusberg.de\/fussball\/#website","url":"https:\/\/tsvmusberg.de\/fussball\/","name":"Fu\u00dfball","description":"Turn- und Sportvereinigung in Leinfelden-Echterdingen","publisher":{"@id":"https:\/\/tsvmusberg.de\/fussball\/#organization"},"potentialAction":[{"@type":"SearchAction","target":{"@type":"EntryPoint","urlTemplate":"https:\/\/tsvmusberg.de\/fussball\/?s={search_term_string}"},"query-input":{"@type":"PropertyValueSpecification","valueRequired":true,"valueName":"search_term_string"}}],"inLanguage":"de"},{"@type":"Organization","@id":"https:\/\/tsvmusberg.de\/fussball\/#organization","name":"TSV Musberg e.V.","url":"https:\/\/tsvmusberg.de\/fussball\/","logo":{"@type":"ImageObject","inLanguage":"de","@id":"https:\/\/tsvmusberg.de\/fussball\/#\/schema\/logo\/image\/","url":"https:\/\/tsvmusberg.de\/fussball\/wp-content\/uploads\/sites\/14\/tsv-musberg-logo.svg","contentUrl":"https:\/\/tsvmusberg.de\/fussball\/wp-content\/uploads\/sites\/14\/tsv-musberg-logo.svg","width":1,"height":1,"caption":"TSV Musberg e.V."},"image":{"@id":"https:\/\/tsvmusberg.de\/fussball\/#\/schema\/logo\/image\/"}},{"@type":"Person","@id":"https:\/\/tsvmusberg.de\/fussball\/#\/schema\/person\/3772a19f3c5855ee42d17d94e01f8b7d","name":"inklusion","image":{"@type":"ImageObject","inLanguage":"de","@id":"https:\/\/secure.gravatar.com\/avatar\/73475a598e6cd7a5da612a3da36356b27cc0221200b0697cf6e9bdabe92c3735?s=96&d=mm&r=g","url":"https:\/\/secure.gravatar.com\/avatar\/73475a598e6cd7a5da612a3da36356b27cc0221200b0697cf6e9bdabe92c3735?s=96&d=mm&r=g","contentUrl":"https:\/\/secure.gravatar.com\/avatar\/73475a598e6cd7a5da612a3da36356b27cc0221200b0697cf6e9bdabe92c3735?s=96&d=mm&r=g","caption":"inklusion"},"url":"https:\/\/tsvmusberg.de\/fussball\/author\/inklusion\/"}]}},"_links":{"self":[{"href":"https:\/\/tsvmusberg.de\/fussball\/wp-json\/wp\/v2\/posts\/2359","targetHints":{"allow":["GET"]}}],"collection":[{"href":"https:\/\/tsvmusberg.de\/fussball\/wp-json\/wp\/v2\/posts"}],"about":[{"href":"https:\/\/tsvmusberg.de\/fussball\/wp-json\/wp\/v2\/types\/post"}],"author":[{"embeddable":true,"href":"https:\/\/tsvmusberg.de\/fussball\/wp-json\/wp\/v2\/users\/5"}],"replies":[{"embeddable":true,"href":"https:\/\/tsvmusberg.de\/fussball\/wp-json\/wp\/v2\/comments?post=2359"}],"version-history":[{"count":8,"href":"https:\/\/tsvmusberg.de\/fussball\/wp-json\/wp\/v2\/posts\/2359\/revisions"}],"predecessor-version":[{"id":2376,"href":"https:\/\/tsvmusberg.de\/fussball\/wp-json\/wp\/v2\/posts\/2359\/revisions\/2376"}],"wp:featuredmedia":[{"embeddable":true,"href":"https:\/\/tsvmusberg.de\/fussball\/wp-json\/wp\/v2\/media\/2345"}],"wp:attachment":[{"href":"https:\/\/tsvmusberg.de\/fussball\/wp-json\/wp\/v2\/media?parent=2359"}],"wp:term":[{"taxonomy":"category","embeddable":true,"href":"https:\/\/tsvmusberg.de\/fussball\/wp-json\/wp\/v2\/categories?post=2359"},{"taxonomy":"post_tag","embeddable":true,"href":"https:\/\/tsvmusberg.de\/fussball\/wp-json\/wp\/v2\/tags?post=2359"}],"curies":[{"name":"wp","href":"https:\/\/api.w.org\/{rel}","templated":true}]}}