{"id":2174,"date":"2024-09-17T19:05:20","date_gmt":"2024-09-17T17:05:20","guid":{"rendered":"https:\/\/tsvmusberg.de\/fussball\/?p=2174"},"modified":"2024-11-02T21:42:22","modified_gmt":"2024-11-02T20:42:22","slug":"unified-liga-24-25-spieltag-1","status":"publish","type":"post","link":"https:\/\/tsvmusberg.de\/fussball\/inklusion\/unified-liga-24-25-spieltag-1\/","title":{"rendered":"Unified-Liga 24\/25 Spieltag 1"},"content":{"rendered":"<p><span style=\"font-weight: 400\">Am 15. September 2024 startete unsere Inklusionsmannschaft in die neue Saison der Unified-Liga. Erstmals nimmt in dieser Spielzeit die Mannschaft der BSG Neckarsulm mit zwei Teams am Spielbetrieb teil. Zudem bilden die Wilhelm-Maybach-Schule-Stuttgart und der TSV Musberg eine Spielgemeinschaft, so dass insgesamt elf Teams in zwei Gruppen gegeneinander antreten. Der bei einem Testspieltag im Fr\u00fchjahr erprobte Modus, mit einer Gruppe f\u00fcr die st\u00e4rkeren und einer f\u00fcr die zweitst\u00e4rksten Spielerinnen und Spieler wurde als fester Bestandteil in der Liga \u00fcbernommen. Dieser Modus gew\u00e4hrleistet, dass sich m\u00f6glichst gleichstarke Mannschaften gegen\u00fcberstehen und gleichzeitig alle Spielerinnen und Spieler m\u00f6glichst viel Einsatzzeit bekommen. Eine weitere Neuerung in dieser Spielzeit betrifft das Erzielen von Toren. So d\u00fcrfen Tore zun\u00e4chst ausschlie\u00dflich von Spielerinnen und Spielern mit Handicap geschossen werden. Erst ab einem R\u00fcckstand mit zwei Toren oder mehr d\u00fcrfen auch die mitspielenden \u201ePartner\u201c Tore erzielen.\u00a0\u00a0\u00a0\u00a0\u00a0<\/span><\/p>\n<p><span style=\"font-weight: 400\">Der erste Spieltag fand auf dem Sportgel\u00e4nde des TSV Musberg statt. Herzlichen Dank an alle flei\u00dfigen Helferinnen und Helfer, die den Spieltag zu einem rundum gelungenen Event gemacht haben.\u00a0<\/span><\/p>\n<p><strong>Die Ergebnisse unserer Teams:\u00a0<\/strong><\/p>\n<p><span style=\"font-weight: 400\">T\u00fcbingen United 1 \u2013 TSV Musberg \u201eAll Inklusiv\u201c 1<\/span> <span style=\"font-weight: 400\">1:4<\/span><\/p>\n<p><span style=\"font-weight: 400\">TSV Musberg \u201eAll Inklusiv\u201c 1 \u2013 TVN\/FCE United 1<\/span> <span style=\"font-weight: 400\">3:3<\/span><\/p>\n<p><span style=\"font-weight: 400\">BSG Neckarsulm 2 &#8211; TSV Musberg \u201eAll Inklusiv\u201c 2<\/span> <span style=\"font-weight: 400\">5:3<\/span><\/p>\n<p><span style=\"font-weight: 400\">TSV Musberg \u201eAll Inklusiv\u201c 2 \u2013 TVN\/FCE United 2<\/span> <span style=\"font-weight: 400\">1:1<\/span><\/p>\n<p><span style=\"font-weight: 400\">SGM TSV M\/WMS \u2013 TSV Musberg \u201eAll Inklusiv\u201c 2<\/span> <span style=\"font-weight: 400\">3:2<\/span><\/p>\n<p><span style=\"font-weight: 400\">SGM TSVM\/WMS \u2013 TVN\/FCE United 2<\/span> <span style=\"font-weight: 400\">0:1<\/span><\/p>\n<p><span style=\"font-weight: 400\">T\u00fcbingen United 2 \u2013 SGM TSVM\/WMS<\/span> <span style=\"font-weight: 400\">2:5<\/span><\/p>\n<p>&nbsp;<\/p>\n<p>Wir bedanken uns bei allen Helfern und Helferinnen f\u00fcr die super Unterst\u00fctzung.<\/p>\n<p><em>Bilder vom Spieltag auf unserer Bildergalerie<\/em><\/p>\n<p>Der 2. Spieltag findet am 20.10.24 ab 10 Uhr in ES-Berkheim auf dem Gel\u00e4nde des TSV Berkheim Jakobstr. 91 , 73734 Esslingen statt.<\/p>\n<p>&nbsp;<\/p>\n<p>Unter folgendem Link k\u00f6nnen die Spiele live verfolgt werden:<\/p>\n<p><img decoding=\"async\" class=\"alignnone wp-image-2310\" src=\"https:\/\/tsvmusberg.de\/fussball\/wp-content\/uploads\/sites\/14\/Screenshot-2024-10-16-10.18.44.png\" alt=\"\" width=\"136\" height=\"138\" srcset=\"https:\/\/tsvmusberg.de\/fussball\/wp-content\/uploads\/sites\/14\/Screenshot-2024-10-16-10.18.44.png 172w, https:\/\/tsvmusberg.de\/fussball\/wp-content\/uploads\/sites\/14\/Screenshot-2024-10-16-10.18.44-100x100.png 100w\" sizes=\"(max-width: 136px) 100vw, 136px\" \/><\/p>\n","protected":false},"excerpt":{"rendered":"<p>Am 15. September 2024 startete unsere Inklusionsmannschaft in die neue Saison der Unified-Liga. Erstmals nimmt in dieser Spielzeit die Mannschaft der BSG Neckarsulm mit zwei Teams am Spielbetrieb teil. Zudem&#8230;<\/p>\n","protected":false},"author":5,"featured_media":2166,"comment_status":"closed","ping_status":"closed","sticky":false,"template":"","format":"standard","meta":{"footnotes":""},"categories":[21,20],"tags":[],"class_list":{"0":"post-2174","1":"post","2":"type-post","3":"status-publish","4":"format-standard","5":"has-post-thumbnail","7":"category-inklusion","8":"category-news-inklusion"},"yoast_head":"<!-- This site is optimized with the Yoast SEO plugin v27.5 - https:\/\/yoast.com\/product\/yoast-seo-wordpress\/ -->\n<title>Unified-Liga 24\/25 Spieltag 1 | Fu\u00dfball<\/title>\n<meta name=\"robots\" content=\"index, follow, max-snippet:-1, max-image-preview:large, max-video-preview:-1\" \/>\n<link rel=\"canonical\" href=\"https:\/\/tsvmusberg.de\/fussball\/inklusion\/unified-liga-24-25-spieltag-1\/\" \/>\n<meta property=\"og:locale\" content=\"de_DE\" \/>\n<meta property=\"og:type\" content=\"article\" \/>\n<meta property=\"og:title\" content=\"Unified-Liga 24\/25 Spieltag 1 | Fu\u00dfball\" \/>\n<meta property=\"og:description\" content=\"Am 15. September 2024 startete unsere Inklusionsmannschaft in die neue Saison der Unified-Liga. Erstmals nimmt in dieser Spielzeit die Mannschaft der BSG Neckarsulm mit zwei Teams am Spielbetrieb teil. Zudem...\" \/>\n<meta property=\"og:url\" content=\"https:\/\/tsvmusberg.de\/fussball\/inklusion\/unified-liga-24-25-spieltag-1\/\" \/>\n<meta property=\"og:site_name\" content=\"Fu\u00dfball\" \/>\n<meta property=\"article:published_time\" content=\"2024-09-17T17:05:20+00:00\" \/>\n<meta property=\"article:modified_time\" content=\"2024-11-02T20:42:22+00:00\" \/>\n<meta property=\"og:image\" content=\"https:\/\/tsvmusberg.de\/fussball\/wp-content\/uploads\/sites\/14\/Spieltag-1-03.jpg\" \/>\n\t<meta property=\"og:image:width\" content=\"1200\" \/>\n\t<meta property=\"og:image:height\" content=\"675\" \/>\n\t<meta property=\"og:image:type\" content=\"image\/jpeg\" \/>\n<meta name=\"author\" content=\"inklusion\" \/>\n<meta name=\"twitter:card\" content=\"summary_large_image\" \/>\n<meta name=\"twitter:label1\" content=\"Verfasst von\" \/>\n\t<meta name=\"twitter:data1\" content=\"inklusion\" \/>\n\t<meta name=\"twitter:label2\" content=\"Gesch\u00e4tzte Lesezeit\" \/>\n\t<meta name=\"twitter:data2\" content=\"2\u00a0Minuten\" \/>\n<script type=\"application\/ld+json\" class=\"yoast-schema-graph\">{\"@context\":\"https:\\\/\\\/schema.org\",\"@graph\":[{\"@type\":\"Article\",\"@id\":\"https:\\\/\\\/tsvmusberg.de\\\/fussball\\\/inklusion\\\/unified-liga-24-25-spieltag-1\\\/#article\",\"isPartOf\":{\"@id\":\"https:\\\/\\\/tsvmusberg.de\\\/fussball\\\/inklusion\\\/unified-liga-24-25-spieltag-1\\\/\"},\"author\":{\"name\":\"inklusion\",\"@id\":\"https:\\\/\\\/tsvmusberg.de\\\/fussball\\\/#\\\/schema\\\/person\\\/3772a19f3c5855ee42d17d94e01f8b7d\"},\"headline\":\"Unified-Liga 24\\\/25 Spieltag 1\",\"datePublished\":\"2024-09-17T17:05:20+00:00\",\"dateModified\":\"2024-11-02T20:42:22+00:00\",\"mainEntityOfPage\":{\"@id\":\"https:\\\/\\\/tsvmusberg.de\\\/fussball\\\/inklusion\\\/unified-liga-24-25-spieltag-1\\\/\"},\"wordCount\":285,\"publisher\":{\"@id\":\"https:\\\/\\\/tsvmusberg.de\\\/fussball\\\/#organization\"},\"image\":{\"@id\":\"https:\\\/\\\/tsvmusberg.de\\\/fussball\\\/inklusion\\\/unified-liga-24-25-spieltag-1\\\/#primaryimage\"},\"thumbnailUrl\":\"https:\\\/\\\/tsvmusberg.de\\\/fussball\\\/wp-content\\\/uploads\\\/sites\\\/14\\\/Spieltag-1-03.jpg\",\"articleSection\":[\"Inklusion\",\"Neuigkeiten\"],\"inLanguage\":\"de\"},{\"@type\":\"WebPage\",\"@id\":\"https:\\\/\\\/tsvmusberg.de\\\/fussball\\\/inklusion\\\/unified-liga-24-25-spieltag-1\\\/\",\"url\":\"https:\\\/\\\/tsvmusberg.de\\\/fussball\\\/inklusion\\\/unified-liga-24-25-spieltag-1\\\/\",\"name\":\"Unified-Liga 24\\\/25 Spieltag 1 | Fu\u00dfball\",\"isPartOf\":{\"@id\":\"https:\\\/\\\/tsvmusberg.de\\\/fussball\\\/#website\"},\"primaryImageOfPage\":{\"@id\":\"https:\\\/\\\/tsvmusberg.de\\\/fussball\\\/inklusion\\\/unified-liga-24-25-spieltag-1\\\/#primaryimage\"},\"image\":{\"@id\":\"https:\\\/\\\/tsvmusberg.de\\\/fussball\\\/inklusion\\\/unified-liga-24-25-spieltag-1\\\/#primaryimage\"},\"thumbnailUrl\":\"https:\\\/\\\/tsvmusberg.de\\\/fussball\\\/wp-content\\\/uploads\\\/sites\\\/14\\\/Spieltag-1-03.jpg\",\"datePublished\":\"2024-09-17T17:05:20+00:00\",\"dateModified\":\"2024-11-02T20:42:22+00:00\",\"breadcrumb\":{\"@id\":\"https:\\\/\\\/tsvmusberg.de\\\/fussball\\\/inklusion\\\/unified-liga-24-25-spieltag-1\\\/#breadcrumb\"},\"inLanguage\":\"de\",\"potentialAction\":[{\"@type\":\"ReadAction\",\"target\":[\"https:\\\/\\\/tsvmusberg.de\\\/fussball\\\/inklusion\\\/unified-liga-24-25-spieltag-1\\\/\"]}]},{\"@type\":\"ImageObject\",\"inLanguage\":\"de\",\"@id\":\"https:\\\/\\\/tsvmusberg.de\\\/fussball\\\/inklusion\\\/unified-liga-24-25-spieltag-1\\\/#primaryimage\",\"url\":\"https:\\\/\\\/tsvmusberg.de\\\/fussball\\\/wp-content\\\/uploads\\\/sites\\\/14\\\/Spieltag-1-03.jpg\",\"contentUrl\":\"https:\\\/\\\/tsvmusberg.de\\\/fussball\\\/wp-content\\\/uploads\\\/sites\\\/14\\\/Spieltag-1-03.jpg\",\"width\":1200,\"height\":675},{\"@type\":\"BreadcrumbList\",\"@id\":\"https:\\\/\\\/tsvmusberg.de\\\/fussball\\\/inklusion\\\/unified-liga-24-25-spieltag-1\\\/#breadcrumb\",\"itemListElement\":[{\"@type\":\"ListItem\",\"position\":1,\"name\":\"Startseite\",\"item\":\"https:\\\/\\\/tsvmusberg.de\\\/fussball\\\/\"},{\"@type\":\"ListItem\",\"position\":2,\"name\":\"Unified-Liga 24\\\/25 Spieltag 1\"}]},{\"@type\":\"WebSite\",\"@id\":\"https:\\\/\\\/tsvmusberg.de\\\/fussball\\\/#website\",\"url\":\"https:\\\/\\\/tsvmusberg.de\\\/fussball\\\/\",\"name\":\"Fu\u00dfball\",\"description\":\"Turn- und Sportvereinigung in Leinfelden-Echterdingen\",\"publisher\":{\"@id\":\"https:\\\/\\\/tsvmusberg.de\\\/fussball\\\/#organization\"},\"potentialAction\":[{\"@type\":\"SearchAction\",\"target\":{\"@type\":\"EntryPoint\",\"urlTemplate\":\"https:\\\/\\\/tsvmusberg.de\\\/fussball\\\/?s={search_term_string}\"},\"query-input\":{\"@type\":\"PropertyValueSpecification\",\"valueRequired\":true,\"valueName\":\"search_term_string\"}}],\"inLanguage\":\"de\"},{\"@type\":\"Organization\",\"@id\":\"https:\\\/\\\/tsvmusberg.de\\\/fussball\\\/#organization\",\"name\":\"TSV Musberg e.V.\",\"url\":\"https:\\\/\\\/tsvmusberg.de\\\/fussball\\\/\",\"logo\":{\"@type\":\"ImageObject\",\"inLanguage\":\"de\",\"@id\":\"https:\\\/\\\/tsvmusberg.de\\\/fussball\\\/#\\\/schema\\\/logo\\\/image\\\/\",\"url\":\"https:\\\/\\\/tsvmusberg.de\\\/fussball\\\/wp-content\\\/uploads\\\/sites\\\/14\\\/tsv-musberg-logo.svg\",\"contentUrl\":\"https:\\\/\\\/tsvmusberg.de\\\/fussball\\\/wp-content\\\/uploads\\\/sites\\\/14\\\/tsv-musberg-logo.svg\",\"width\":1,\"height\":1,\"caption\":\"TSV Musberg e.V.\"},\"image\":{\"@id\":\"https:\\\/\\\/tsvmusberg.de\\\/fussball\\\/#\\\/schema\\\/logo\\\/image\\\/\"}},{\"@type\":\"Person\",\"@id\":\"https:\\\/\\\/tsvmusberg.de\\\/fussball\\\/#\\\/schema\\\/person\\\/3772a19f3c5855ee42d17d94e01f8b7d\",\"name\":\"inklusion\",\"image\":{\"@type\":\"ImageObject\",\"inLanguage\":\"de\",\"@id\":\"https:\\\/\\\/secure.gravatar.com\\\/avatar\\\/73475a598e6cd7a5da612a3da36356b27cc0221200b0697cf6e9bdabe92c3735?s=96&d=mm&r=g\",\"url\":\"https:\\\/\\\/secure.gravatar.com\\\/avatar\\\/73475a598e6cd7a5da612a3da36356b27cc0221200b0697cf6e9bdabe92c3735?s=96&d=mm&r=g\",\"contentUrl\":\"https:\\\/\\\/secure.gravatar.com\\\/avatar\\\/73475a598e6cd7a5da612a3da36356b27cc0221200b0697cf6e9bdabe92c3735?s=96&d=mm&r=g\",\"caption\":\"inklusion\"},\"url\":\"https:\\\/\\\/tsvmusberg.de\\\/fussball\\\/author\\\/inklusion\\\/\"}]}<\/script>\n<!-- \/ Yoast SEO plugin. -->","yoast_head_json":{"title":"Unified-Liga 24\/25 Spieltag 1 | Fu\u00dfball","robots":{"index":"index","follow":"follow","max-snippet":"max-snippet:-1","max-image-preview":"max-image-preview:large","max-video-preview":"max-video-preview:-1"},"canonical":"https:\/\/tsvmusberg.de\/fussball\/inklusion\/unified-liga-24-25-spieltag-1\/","og_locale":"de_DE","og_type":"article","og_title":"Unified-Liga 24\/25 Spieltag 1 | Fu\u00dfball","og_description":"Am 15. September 2024 startete unsere Inklusionsmannschaft in die neue Saison der Unified-Liga. Erstmals nimmt in dieser Spielzeit die Mannschaft der BSG Neckarsulm mit zwei Teams am Spielbetrieb teil. Zudem...","og_url":"https:\/\/tsvmusberg.de\/fussball\/inklusion\/unified-liga-24-25-spieltag-1\/","og_site_name":"Fu\u00dfball","article_published_time":"2024-09-17T17:05:20+00:00","article_modified_time":"2024-11-02T20:42:22+00:00","og_image":[{"width":1200,"height":675,"url":"https:\/\/tsvmusberg.de\/fussball\/wp-content\/uploads\/sites\/14\/Spieltag-1-03.jpg","type":"image\/jpeg"}],"author":"inklusion","twitter_card":"summary_large_image","twitter_misc":{"Verfasst von":"inklusion","Gesch\u00e4tzte Lesezeit":"2\u00a0Minuten"},"schema":{"@context":"https:\/\/schema.org","@graph":[{"@type":"Article","@id":"https:\/\/tsvmusberg.de\/fussball\/inklusion\/unified-liga-24-25-spieltag-1\/#article","isPartOf":{"@id":"https:\/\/tsvmusberg.de\/fussball\/inklusion\/unified-liga-24-25-spieltag-1\/"},"author":{"name":"inklusion","@id":"https:\/\/tsvmusberg.de\/fussball\/#\/schema\/person\/3772a19f3c5855ee42d17d94e01f8b7d"},"headline":"Unified-Liga 24\/25 Spieltag 1","datePublished":"2024-09-17T17:05:20+00:00","dateModified":"2024-11-02T20:42:22+00:00","mainEntityOfPage":{"@id":"https:\/\/tsvmusberg.de\/fussball\/inklusion\/unified-liga-24-25-spieltag-1\/"},"wordCount":285,"publisher":{"@id":"https:\/\/tsvmusberg.de\/fussball\/#organization"},"image":{"@id":"https:\/\/tsvmusberg.de\/fussball\/inklusion\/unified-liga-24-25-spieltag-1\/#primaryimage"},"thumbnailUrl":"https:\/\/tsvmusberg.de\/fussball\/wp-content\/uploads\/sites\/14\/Spieltag-1-03.jpg","articleSection":["Inklusion","Neuigkeiten"],"inLanguage":"de"},{"@type":"WebPage","@id":"https:\/\/tsvmusberg.de\/fussball\/inklusion\/unified-liga-24-25-spieltag-1\/","url":"https:\/\/tsvmusberg.de\/fussball\/inklusion\/unified-liga-24-25-spieltag-1\/","name":"Unified-Liga 24\/25 Spieltag 1 | Fu\u00dfball","isPartOf":{"@id":"https:\/\/tsvmusberg.de\/fussball\/#website"},"primaryImageOfPage":{"@id":"https:\/\/tsvmusberg.de\/fussball\/inklusion\/unified-liga-24-25-spieltag-1\/#primaryimage"},"image":{"@id":"https:\/\/tsvmusberg.de\/fussball\/inklusion\/unified-liga-24-25-spieltag-1\/#primaryimage"},"thumbnailUrl":"https:\/\/tsvmusberg.de\/fussball\/wp-content\/uploads\/sites\/14\/Spieltag-1-03.jpg","datePublished":"2024-09-17T17:05:20+00:00","dateModified":"2024-11-02T20:42:22+00:00","breadcrumb":{"@id":"https:\/\/tsvmusberg.de\/fussball\/inklusion\/unified-liga-24-25-spieltag-1\/#breadcrumb"},"inLanguage":"de","potentialAction":[{"@type":"ReadAction","target":["https:\/\/tsvmusberg.de\/fussball\/inklusion\/unified-liga-24-25-spieltag-1\/"]}]},{"@type":"ImageObject","inLanguage":"de","@id":"https:\/\/tsvmusberg.de\/fussball\/inklusion\/unified-liga-24-25-spieltag-1\/#primaryimage","url":"https:\/\/tsvmusberg.de\/fussball\/wp-content\/uploads\/sites\/14\/Spieltag-1-03.jpg","contentUrl":"https:\/\/tsvmusberg.de\/fussball\/wp-content\/uploads\/sites\/14\/Spieltag-1-03.jpg","width":1200,"height":675},{"@type":"BreadcrumbList","@id":"https:\/\/tsvmusberg.de\/fussball\/inklusion\/unified-liga-24-25-spieltag-1\/#breadcrumb","itemListElement":[{"@type":"ListItem","position":1,"name":"Startseite","item":"https:\/\/tsvmusberg.de\/fussball\/"},{"@type":"ListItem","position":2,"name":"Unified-Liga 24\/25 Spieltag 1"}]},{"@type":"WebSite","@id":"https:\/\/tsvmusberg.de\/fussball\/#website","url":"https:\/\/tsvmusberg.de\/fussball\/","name":"Fu\u00dfball","description":"Turn- und Sportvereinigung in Leinfelden-Echterdingen","publisher":{"@id":"https:\/\/tsvmusberg.de\/fussball\/#organization"},"potentialAction":[{"@type":"SearchAction","target":{"@type":"EntryPoint","urlTemplate":"https:\/\/tsvmusberg.de\/fussball\/?s={search_term_string}"},"query-input":{"@type":"PropertyValueSpecification","valueRequired":true,"valueName":"search_term_string"}}],"inLanguage":"de"},{"@type":"Organization","@id":"https:\/\/tsvmusberg.de\/fussball\/#organization","name":"TSV Musberg e.V.","url":"https:\/\/tsvmusberg.de\/fussball\/","logo":{"@type":"ImageObject","inLanguage":"de","@id":"https:\/\/tsvmusberg.de\/fussball\/#\/schema\/logo\/image\/","url":"https:\/\/tsvmusberg.de\/fussball\/wp-content\/uploads\/sites\/14\/tsv-musberg-logo.svg","contentUrl":"https:\/\/tsvmusberg.de\/fussball\/wp-content\/uploads\/sites\/14\/tsv-musberg-logo.svg","width":1,"height":1,"caption":"TSV Musberg e.V."},"image":{"@id":"https:\/\/tsvmusberg.de\/fussball\/#\/schema\/logo\/image\/"}},{"@type":"Person","@id":"https:\/\/tsvmusberg.de\/fussball\/#\/schema\/person\/3772a19f3c5855ee42d17d94e01f8b7d","name":"inklusion","image":{"@type":"ImageObject","inLanguage":"de","@id":"https:\/\/secure.gravatar.com\/avatar\/73475a598e6cd7a5da612a3da36356b27cc0221200b0697cf6e9bdabe92c3735?s=96&d=mm&r=g","url":"https:\/\/secure.gravatar.com\/avatar\/73475a598e6cd7a5da612a3da36356b27cc0221200b0697cf6e9bdabe92c3735?s=96&d=mm&r=g","contentUrl":"https:\/\/secure.gravatar.com\/avatar\/73475a598e6cd7a5da612a3da36356b27cc0221200b0697cf6e9bdabe92c3735?s=96&d=mm&r=g","caption":"inklusion"},"url":"https:\/\/tsvmusberg.de\/fussball\/author\/inklusion\/"}]}},"_links":{"self":[{"href":"https:\/\/tsvmusberg.de\/fussball\/wp-json\/wp\/v2\/posts\/2174","targetHints":{"allow":["GET"]}}],"collection":[{"href":"https:\/\/tsvmusberg.de\/fussball\/wp-json\/wp\/v2\/posts"}],"about":[{"href":"https:\/\/tsvmusberg.de\/fussball\/wp-json\/wp\/v2\/types\/post"}],"author":[{"embeddable":true,"href":"https:\/\/tsvmusberg.de\/fussball\/wp-json\/wp\/v2\/users\/5"}],"replies":[{"embeddable":true,"href":"https:\/\/tsvmusberg.de\/fussball\/wp-json\/wp\/v2\/comments?post=2174"}],"version-history":[{"count":9,"href":"https:\/\/tsvmusberg.de\/fussball\/wp-json\/wp\/v2\/posts\/2174\/revisions"}],"predecessor-version":[{"id":2332,"href":"https:\/\/tsvmusberg.de\/fussball\/wp-json\/wp\/v2\/posts\/2174\/revisions\/2332"}],"wp:featuredmedia":[{"embeddable":true,"href":"https:\/\/tsvmusberg.de\/fussball\/wp-json\/wp\/v2\/media\/2166"}],"wp:attachment":[{"href":"https:\/\/tsvmusberg.de\/fussball\/wp-json\/wp\/v2\/media?parent=2174"}],"wp:term":[{"taxonomy":"category","embeddable":true,"href":"https:\/\/tsvmusberg.de\/fussball\/wp-json\/wp\/v2\/categories?post=2174"},{"taxonomy":"post_tag","embeddable":true,"href":"https:\/\/tsvmusberg.de\/fussball\/wp-json\/wp\/v2\/tags?post=2174"}],"curies":[{"name":"wp","href":"https:\/\/api.w.org\/{rel}","templated":true}]}}