{"id":1034,"date":"2019-06-06T15:40:01","date_gmt":"2019-06-06T13:40:01","guid":{"rendered":"https:\/\/tsvmusberg.de\/fussball\/?p=1034"},"modified":"2022-08-05T15:43:19","modified_gmt":"2022-08-05T13:43:19","slug":"mann-mit-mumm-und-handicap","status":"publish","type":"post","link":"https:\/\/tsvmusberg.de\/fussball\/inklusion\/pressespiegel-inklusion\/mann-mit-mumm-und-handicap\/","title":{"rendered":"Mann mit Mumm und Handicap"},"content":{"rendered":"[vc_row type=&#8221;in_container&#8221; full_screen_row_position=&#8221;middle&#8221; column_margin=&#8221;default&#8221; column_direction=&#8221;default&#8221; column_direction_tablet=&#8221;default&#8221; column_direction_phone=&#8221;default&#8221; scene_position=&#8221;center&#8221; text_color=&#8221;dark&#8221; text_align=&#8221;left&#8221; row_border_radius=&#8221;none&#8221; row_border_radius_applies=&#8221;bg&#8221; overflow=&#8221;visible&#8221; overlay_strength=&#8221;0.3&#8243; gradient_direction=&#8221;left_to_right&#8221; shape_divider_position=&#8221;bottom&#8221; bg_image_animation=&#8221;none&#8221;][vc_column column_padding=&#8221;no-extra-padding&#8221; column_padding_tablet=&#8221;inherit&#8221; column_padding_phone=&#8221;inherit&#8221; column_padding_position=&#8221;all&#8221; column_element_spacing=&#8221;default&#8221; background_color_opacity=&#8221;1&#8243; background_hover_color_opacity=&#8221;1&#8243; column_shadow=&#8221;none&#8221; column_border_radius=&#8221;none&#8221; column_link_target=&#8221;_self&#8221; column_position=&#8221;default&#8221; gradient_direction=&#8221;left_to_right&#8221; overlay_strength=&#8221;0.3&#8243; width=&#8221;1\/2&#8243; tablet_width_inherit=&#8221;default&#8221; tablet_text_alignment=&#8221;default&#8221; phone_text_alignment=&#8221;default&#8221; animation_type=&#8221;default&#8221; bg_image_animation=&#8221;none&#8221; border_type=&#8221;simple&#8221; column_border_width=&#8221;none&#8221; column_border_style=&#8221;solid&#8221;][image_with_animation image_url=&#8221;1035&#8243; image_size=&#8221;full&#8221; animation_type=&#8221;entrance&#8221; animation=&#8221;Fade In&#8221; hover_animation=&#8221;none&#8221; alignment=&#8221;&#8221; border_radius=&#8221;none&#8221; box_shadow=&#8221;none&#8221; image_loading=&#8221;default&#8221; max_width=&#8221;100%&#8221; max_width_mobile=&#8221;default&#8221;][\/vc_column][vc_column column_padding=&#8221;no-extra-padding&#8221; column_padding_tablet=&#8221;inherit&#8221; column_padding_phone=&#8221;inherit&#8221; column_padding_position=&#8221;all&#8221; column_element_spacing=&#8221;default&#8221; background_color_opacity=&#8221;1&#8243; background_hover_color_opacity=&#8221;1&#8243; column_shadow=&#8221;none&#8221; column_border_radius=&#8221;none&#8221; column_link_target=&#8221;_self&#8221; column_position=&#8221;default&#8221; gradient_direction=&#8221;left_to_right&#8221; overlay_strength=&#8221;0.3&#8243; width=&#8221;1\/2&#8243; tablet_width_inherit=&#8221;default&#8221; tablet_text_alignment=&#8221;default&#8221; phone_text_alignment=&#8221;default&#8221; animation_type=&#8221;default&#8221; bg_image_animation=&#8221;none&#8221; border_type=&#8221;simple&#8221; column_border_width=&#8221;none&#8221; column_border_style=&#8221;solid&#8221;][vc_column_text]Hier wird die derzeitige Lebenssituation unseres Spielers und Mitgr\u00fcnder der Inklusionsmannschaft Marco Pisacreta genauer erl\u00e4utert. Er m\u00f6chte nicht in die Werkstatt, sondern fordert auch im Arbeitsbereich mehr inklusive Arbeitschancen.[\/vc_column_text][\/vc_column][\/vc_row][vc_row type=&#8221;in_container&#8221; full_screen_row_position=&#8221;middle&#8221; column_margin=&#8221;default&#8221; column_direction=&#8221;default&#8221; column_direction_tablet=&#8221;default&#8221; column_direction_phone=&#8221;default&#8221; scene_position=&#8221;center&#8221; text_color=&#8221;dark&#8221; text_align=&#8221;left&#8221; row_border_radius=&#8221;none&#8221; row_border_radius_applies=&#8221;bg&#8221; overflow=&#8221;visible&#8221; overlay_strength=&#8221;0.3&#8243; gradient_direction=&#8221;left_to_right&#8221; shape_divider_position=&#8221;bottom&#8221; bg_image_animation=&#8221;none&#8221;][vc_column column_padding=&#8221;no-extra-padding&#8221; column_padding_tablet=&#8221;inherit&#8221; column_padding_phone=&#8221;inherit&#8221; column_padding_position=&#8221;all&#8221; column_element_spacing=&#8221;default&#8221; background_color_opacity=&#8221;1&#8243; background_hover_color_opacity=&#8221;1&#8243; column_shadow=&#8221;none&#8221; column_border_radius=&#8221;none&#8221; column_link_target=&#8221;_self&#8221; column_position=&#8221;default&#8221; gradient_direction=&#8221;left_to_right&#8221; overlay_strength=&#8221;0.3&#8243; width=&#8221;1\/1&#8243; tablet_width_inherit=&#8221;default&#8221; tablet_text_alignment=&#8221;default&#8221; phone_text_alignment=&#8221;default&#8221; animation_type=&#8221;default&#8221; bg_image_animation=&#8221;none&#8221; border_type=&#8221;simple&#8221; column_border_width=&#8221;none&#8221; column_border_style=&#8221;solid&#8221;][image_with_animation image_url=&#8221;1036&#8243; image_size=&#8221;full&#8221; animation_type=&#8221;entrance&#8221; animation=&#8221;Fade In&#8221; hover_animation=&#8221;none&#8221; alignment=&#8221;&#8221; border_radius=&#8221;none&#8221; box_shadow=&#8221;none&#8221; image_loading=&#8221;default&#8221; max_width=&#8221;100%&#8221; max_width_mobile=&#8221;default&#8221;][\/vc_column][\/vc_row]\n","protected":false},"excerpt":{"rendered":"<p>[vc_row type=&#8221;in_container&#8221; full_screen_row_position=&#8221;middle&#8221; column_margin=&#8221;default&#8221; column_direction=&#8221;default&#8221; column_direction_tablet=&#8221;default&#8221; column_direction_phone=&#8221;default&#8221; scene_position=&#8221;center&#8221; text_color=&#8221;dark&#8221; text_align=&#8221;left&#8221; row_border_radius=&#8221;none&#8221; row_border_radius_applies=&#8221;bg&#8221; overflow=&#8221;visible&#8221; overlay_strength=&#8221;0.3&#8243; gradient_direction=&#8221;left_to_right&#8221; shape_divider_position=&#8221;bottom&#8221; bg_image_animation=&#8221;none&#8221;][vc_column column_padding=&#8221;no-extra-padding&#8221; column_padding_tablet=&#8221;inherit&#8221; column_padding_phone=&#8221;inherit&#8221; column_padding_position=&#8221;all&#8221; column_element_spacing=&#8221;default&#8221; background_color_opacity=&#8221;1&#8243; background_hover_color_opacity=&#8221;1&#8243; column_shadow=&#8221;none&#8221; column_border_radius=&#8221;none&#8221; column_link_target=&#8221;_self&#8221; column_position=&#8221;default&#8221; gradient_direction=&#8221;left_to_right&#8221; overlay_strength=&#8221;0.3&#8243;&#8230;<\/p>\n","protected":false},"author":2,"featured_media":1036,"comment_status":"closed","ping_status":"closed","sticky":false,"template":"","format":"standard","meta":{"footnotes":""},"categories":[19],"tags":[],"class_list":{"0":"post-1034","1":"post","2":"type-post","3":"status-publish","4":"format-standard","5":"has-post-thumbnail","7":"category-pressespiegel-inklusion"},"yoast_head":"<!-- This site is optimized with the Yoast SEO plugin v27.5 - https:\/\/yoast.com\/product\/yoast-seo-wordpress\/ -->\n<title>Mann mit Mumm und Handicap | Fu\u00dfball<\/title>\n<meta name=\"robots\" content=\"index, follow, max-snippet:-1, max-image-preview:large, max-video-preview:-1\" \/>\n<link rel=\"canonical\" href=\"https:\/\/tsvmusberg.de\/fussball\/inklusion\/pressespiegel-inklusion\/mann-mit-mumm-und-handicap\/\" \/>\n<meta property=\"og:locale\" content=\"de_DE\" \/>\n<meta property=\"og:type\" content=\"article\" \/>\n<meta property=\"og:title\" content=\"Mann mit Mumm und Handicap | Fu\u00dfball\" \/>\n<meta property=\"og:description\" content=\"[vc_row type=&#8221;in_container&#8221; full_screen_row_position=&#8221;middle&#8221; column_margin=&#8221;default&#8221; column_direction=&#8221;default&#8221; column_direction_tablet=&#8221;default&#8221; column_direction_phone=&#8221;default&#8221; scene_position=&#8221;center&#8221; text_color=&#8221;dark&#8221; text_align=&#8221;left&#8221; row_border_radius=&#8221;none&#8221; row_border_radius_applies=&#8221;bg&#8221; overflow=&#8221;visible&#8221; overlay_strength=&#8221;0.3&#8243; gradient_direction=&#8221;left_to_right&#8221; shape_divider_position=&#8221;bottom&#8221; bg_image_animation=&#8221;none&#8221;][vc_column column_padding=&#8221;no-extra-padding&#8221; column_padding_tablet=&#8221;inherit&#8221; column_padding_phone=&#8221;inherit&#8221; column_padding_position=&#8221;all&#8221; column_element_spacing=&#8221;default&#8221; background_color_opacity=&#8221;1&#8243; background_hover_color_opacity=&#8221;1&#8243; column_shadow=&#8221;none&#8221; column_border_radius=&#8221;none&#8221; column_link_target=&#8221;_self&#8221; column_position=&#8221;default&#8221; gradient_direction=&#8221;left_to_right&#8221; overlay_strength=&#8221;0.3&#8243;...\" \/>\n<meta property=\"og:url\" content=\"https:\/\/tsvmusberg.de\/fussball\/inklusion\/pressespiegel-inklusion\/mann-mit-mumm-und-handicap\/\" \/>\n<meta property=\"og:site_name\" content=\"Fu\u00dfball\" \/>\n<meta property=\"article:published_time\" content=\"2019-06-06T13:40:01+00:00\" \/>\n<meta property=\"article:modified_time\" content=\"2022-08-05T13:43:19+00:00\" \/>\n<meta property=\"og:image\" content=\"https:\/\/tsvmusberg.de\/fussball\/wp-content\/uploads\/sites\/14\/Filderzeitung_6_06_19.jpeg\" \/>\n\t<meta property=\"og:image:width\" content=\"678\" \/>\n\t<meta property=\"og:image:height\" content=\"768\" \/>\n\t<meta property=\"og:image:type\" content=\"image\/jpeg\" \/>\n<meta name=\"author\" content=\"Lucas Schlegel\" \/>\n<meta name=\"twitter:card\" content=\"summary_large_image\" \/>\n<meta name=\"twitter:label1\" content=\"Verfasst von\" \/>\n\t<meta name=\"twitter:data1\" content=\"Lucas Schlegel\" \/>\n\t<meta name=\"twitter:label2\" content=\"Gesch\u00e4tzte Lesezeit\" \/>\n\t<meta name=\"twitter:data2\" content=\"1\u00a0Minute\" \/>\n<script type=\"application\/ld+json\" class=\"yoast-schema-graph\">{\"@context\":\"https:\\\/\\\/schema.org\",\"@graph\":[{\"@type\":\"Article\",\"@id\":\"https:\\\/\\\/tsvmusberg.de\\\/fussball\\\/inklusion\\\/pressespiegel-inklusion\\\/mann-mit-mumm-und-handicap\\\/#article\",\"isPartOf\":{\"@id\":\"https:\\\/\\\/tsvmusberg.de\\\/fussball\\\/inklusion\\\/pressespiegel-inklusion\\\/mann-mit-mumm-und-handicap\\\/\"},\"author\":{\"name\":\"Lucas Schlegel\",\"@id\":\"https:\\\/\\\/tsvmusberg.de\\\/fussball\\\/#\\\/schema\\\/person\\\/6b8e4747d234f356da5832ef55761eb6\"},\"headline\":\"Mann mit Mumm und Handicap\",\"datePublished\":\"2019-06-06T13:40:01+00:00\",\"dateModified\":\"2022-08-05T13:43:19+00:00\",\"mainEntityOfPage\":{\"@id\":\"https:\\\/\\\/tsvmusberg.de\\\/fussball\\\/inklusion\\\/pressespiegel-inklusion\\\/mann-mit-mumm-und-handicap\\\/\"},\"wordCount\":477,\"publisher\":{\"@id\":\"https:\\\/\\\/tsvmusberg.de\\\/fussball\\\/#organization\"},\"image\":{\"@id\":\"https:\\\/\\\/tsvmusberg.de\\\/fussball\\\/inklusion\\\/pressespiegel-inklusion\\\/mann-mit-mumm-und-handicap\\\/#primaryimage\"},\"thumbnailUrl\":\"https:\\\/\\\/tsvmusberg.de\\\/fussball\\\/wp-content\\\/uploads\\\/sites\\\/14\\\/Filderzeitung_6_06_19.jpeg\",\"articleSection\":[\"Pressespiegel\"],\"inLanguage\":\"de\"},{\"@type\":\"WebPage\",\"@id\":\"https:\\\/\\\/tsvmusberg.de\\\/fussball\\\/inklusion\\\/pressespiegel-inklusion\\\/mann-mit-mumm-und-handicap\\\/\",\"url\":\"https:\\\/\\\/tsvmusberg.de\\\/fussball\\\/inklusion\\\/pressespiegel-inklusion\\\/mann-mit-mumm-und-handicap\\\/\",\"name\":\"Mann mit Mumm und Handicap | Fu\u00dfball\",\"isPartOf\":{\"@id\":\"https:\\\/\\\/tsvmusberg.de\\\/fussball\\\/#website\"},\"primaryImageOfPage\":{\"@id\":\"https:\\\/\\\/tsvmusberg.de\\\/fussball\\\/inklusion\\\/pressespiegel-inklusion\\\/mann-mit-mumm-und-handicap\\\/#primaryimage\"},\"image\":{\"@id\":\"https:\\\/\\\/tsvmusberg.de\\\/fussball\\\/inklusion\\\/pressespiegel-inklusion\\\/mann-mit-mumm-und-handicap\\\/#primaryimage\"},\"thumbnailUrl\":\"https:\\\/\\\/tsvmusberg.de\\\/fussball\\\/wp-content\\\/uploads\\\/sites\\\/14\\\/Filderzeitung_6_06_19.jpeg\",\"datePublished\":\"2019-06-06T13:40:01+00:00\",\"dateModified\":\"2022-08-05T13:43:19+00:00\",\"breadcrumb\":{\"@id\":\"https:\\\/\\\/tsvmusberg.de\\\/fussball\\\/inklusion\\\/pressespiegel-inklusion\\\/mann-mit-mumm-und-handicap\\\/#breadcrumb\"},\"inLanguage\":\"de\",\"potentialAction\":[{\"@type\":\"ReadAction\",\"target\":[\"https:\\\/\\\/tsvmusberg.de\\\/fussball\\\/inklusion\\\/pressespiegel-inklusion\\\/mann-mit-mumm-und-handicap\\\/\"]}]},{\"@type\":\"ImageObject\",\"inLanguage\":\"de\",\"@id\":\"https:\\\/\\\/tsvmusberg.de\\\/fussball\\\/inklusion\\\/pressespiegel-inklusion\\\/mann-mit-mumm-und-handicap\\\/#primaryimage\",\"url\":\"https:\\\/\\\/tsvmusberg.de\\\/fussball\\\/wp-content\\\/uploads\\\/sites\\\/14\\\/Filderzeitung_6_06_19.jpeg\",\"contentUrl\":\"https:\\\/\\\/tsvmusberg.de\\\/fussball\\\/wp-content\\\/uploads\\\/sites\\\/14\\\/Filderzeitung_6_06_19.jpeg\",\"width\":678,\"height\":768},{\"@type\":\"BreadcrumbList\",\"@id\":\"https:\\\/\\\/tsvmusberg.de\\\/fussball\\\/inklusion\\\/pressespiegel-inklusion\\\/mann-mit-mumm-und-handicap\\\/#breadcrumb\",\"itemListElement\":[{\"@type\":\"ListItem\",\"position\":1,\"name\":\"Startseite\",\"item\":\"https:\\\/\\\/tsvmusberg.de\\\/fussball\\\/\"},{\"@type\":\"ListItem\",\"position\":2,\"name\":\"Mann mit Mumm und Handicap\"}]},{\"@type\":\"WebSite\",\"@id\":\"https:\\\/\\\/tsvmusberg.de\\\/fussball\\\/#website\",\"url\":\"https:\\\/\\\/tsvmusberg.de\\\/fussball\\\/\",\"name\":\"Fu\u00dfball\",\"description\":\"Turn- und Sportvereinigung in Leinfelden-Echterdingen\",\"publisher\":{\"@id\":\"https:\\\/\\\/tsvmusberg.de\\\/fussball\\\/#organization\"},\"potentialAction\":[{\"@type\":\"SearchAction\",\"target\":{\"@type\":\"EntryPoint\",\"urlTemplate\":\"https:\\\/\\\/tsvmusberg.de\\\/fussball\\\/?s={search_term_string}\"},\"query-input\":{\"@type\":\"PropertyValueSpecification\",\"valueRequired\":true,\"valueName\":\"search_term_string\"}}],\"inLanguage\":\"de\"},{\"@type\":\"Organization\",\"@id\":\"https:\\\/\\\/tsvmusberg.de\\\/fussball\\\/#organization\",\"name\":\"TSV Musberg e.V.\",\"url\":\"https:\\\/\\\/tsvmusberg.de\\\/fussball\\\/\",\"logo\":{\"@type\":\"ImageObject\",\"inLanguage\":\"de\",\"@id\":\"https:\\\/\\\/tsvmusberg.de\\\/fussball\\\/#\\\/schema\\\/logo\\\/image\\\/\",\"url\":\"https:\\\/\\\/tsvmusberg.de\\\/fussball\\\/wp-content\\\/uploads\\\/sites\\\/14\\\/tsv-musberg-logo.svg\",\"contentUrl\":\"https:\\\/\\\/tsvmusberg.de\\\/fussball\\\/wp-content\\\/uploads\\\/sites\\\/14\\\/tsv-musberg-logo.svg\",\"width\":1,\"height\":1,\"caption\":\"TSV Musberg e.V.\"},\"image\":{\"@id\":\"https:\\\/\\\/tsvmusberg.de\\\/fussball\\\/#\\\/schema\\\/logo\\\/image\\\/\"}},{\"@type\":\"Person\",\"@id\":\"https:\\\/\\\/tsvmusberg.de\\\/fussball\\\/#\\\/schema\\\/person\\\/6b8e4747d234f356da5832ef55761eb6\",\"name\":\"Lucas Schlegel\",\"image\":{\"@type\":\"ImageObject\",\"inLanguage\":\"de\",\"@id\":\"https:\\\/\\\/secure.gravatar.com\\\/avatar\\\/4791fb580e1abf6f8ea6c9f4b889593d69789fc9258a2867ca8a7355da3218c0?s=96&d=mm&r=g\",\"url\":\"https:\\\/\\\/secure.gravatar.com\\\/avatar\\\/4791fb580e1abf6f8ea6c9f4b889593d69789fc9258a2867ca8a7355da3218c0?s=96&d=mm&r=g\",\"contentUrl\":\"https:\\\/\\\/secure.gravatar.com\\\/avatar\\\/4791fb580e1abf6f8ea6c9f4b889593d69789fc9258a2867ca8a7355da3218c0?s=96&d=mm&r=g\",\"caption\":\"Lucas Schlegel\"},\"url\":\"https:\\\/\\\/tsvmusberg.de\\\/fussball\\\/author\\\/lucas\\\/\"}]}<\/script>\n<!-- \/ Yoast SEO plugin. -->","yoast_head_json":{"title":"Mann mit Mumm und Handicap | Fu\u00dfball","robots":{"index":"index","follow":"follow","max-snippet":"max-snippet:-1","max-image-preview":"max-image-preview:large","max-video-preview":"max-video-preview:-1"},"canonical":"https:\/\/tsvmusberg.de\/fussball\/inklusion\/pressespiegel-inklusion\/mann-mit-mumm-und-handicap\/","og_locale":"de_DE","og_type":"article","og_title":"Mann mit Mumm und Handicap | Fu\u00dfball","og_description":"[vc_row type=&#8221;in_container&#8221; full_screen_row_position=&#8221;middle&#8221; column_margin=&#8221;default&#8221; column_direction=&#8221;default&#8221; column_direction_tablet=&#8221;default&#8221; column_direction_phone=&#8221;default&#8221; scene_position=&#8221;center&#8221; text_color=&#8221;dark&#8221; text_align=&#8221;left&#8221; row_border_radius=&#8221;none&#8221; row_border_radius_applies=&#8221;bg&#8221; overflow=&#8221;visible&#8221; overlay_strength=&#8221;0.3&#8243; gradient_direction=&#8221;left_to_right&#8221; shape_divider_position=&#8221;bottom&#8221; bg_image_animation=&#8221;none&#8221;][vc_column column_padding=&#8221;no-extra-padding&#8221; column_padding_tablet=&#8221;inherit&#8221; column_padding_phone=&#8221;inherit&#8221; column_padding_position=&#8221;all&#8221; column_element_spacing=&#8221;default&#8221; background_color_opacity=&#8221;1&#8243; background_hover_color_opacity=&#8221;1&#8243; column_shadow=&#8221;none&#8221; column_border_radius=&#8221;none&#8221; column_link_target=&#8221;_self&#8221; column_position=&#8221;default&#8221; gradient_direction=&#8221;left_to_right&#8221; overlay_strength=&#8221;0.3&#8243;...","og_url":"https:\/\/tsvmusberg.de\/fussball\/inklusion\/pressespiegel-inklusion\/mann-mit-mumm-und-handicap\/","og_site_name":"Fu\u00dfball","article_published_time":"2019-06-06T13:40:01+00:00","article_modified_time":"2022-08-05T13:43:19+00:00","og_image":[{"width":678,"height":768,"url":"https:\/\/tsvmusberg.de\/fussball\/wp-content\/uploads\/sites\/14\/Filderzeitung_6_06_19.jpeg","type":"image\/jpeg"}],"author":"Lucas Schlegel","twitter_card":"summary_large_image","twitter_misc":{"Verfasst von":"Lucas Schlegel","Gesch\u00e4tzte Lesezeit":"1\u00a0Minute"},"schema":{"@context":"https:\/\/schema.org","@graph":[{"@type":"Article","@id":"https:\/\/tsvmusberg.de\/fussball\/inklusion\/pressespiegel-inklusion\/mann-mit-mumm-und-handicap\/#article","isPartOf":{"@id":"https:\/\/tsvmusberg.de\/fussball\/inklusion\/pressespiegel-inklusion\/mann-mit-mumm-und-handicap\/"},"author":{"name":"Lucas Schlegel","@id":"https:\/\/tsvmusberg.de\/fussball\/#\/schema\/person\/6b8e4747d234f356da5832ef55761eb6"},"headline":"Mann mit Mumm und Handicap","datePublished":"2019-06-06T13:40:01+00:00","dateModified":"2022-08-05T13:43:19+00:00","mainEntityOfPage":{"@id":"https:\/\/tsvmusberg.de\/fussball\/inklusion\/pressespiegel-inklusion\/mann-mit-mumm-und-handicap\/"},"wordCount":477,"publisher":{"@id":"https:\/\/tsvmusberg.de\/fussball\/#organization"},"image":{"@id":"https:\/\/tsvmusberg.de\/fussball\/inklusion\/pressespiegel-inklusion\/mann-mit-mumm-und-handicap\/#primaryimage"},"thumbnailUrl":"https:\/\/tsvmusberg.de\/fussball\/wp-content\/uploads\/sites\/14\/Filderzeitung_6_06_19.jpeg","articleSection":["Pressespiegel"],"inLanguage":"de"},{"@type":"WebPage","@id":"https:\/\/tsvmusberg.de\/fussball\/inklusion\/pressespiegel-inklusion\/mann-mit-mumm-und-handicap\/","url":"https:\/\/tsvmusberg.de\/fussball\/inklusion\/pressespiegel-inklusion\/mann-mit-mumm-und-handicap\/","name":"Mann mit Mumm und Handicap | Fu\u00dfball","isPartOf":{"@id":"https:\/\/tsvmusberg.de\/fussball\/#website"},"primaryImageOfPage":{"@id":"https:\/\/tsvmusberg.de\/fussball\/inklusion\/pressespiegel-inklusion\/mann-mit-mumm-und-handicap\/#primaryimage"},"image":{"@id":"https:\/\/tsvmusberg.de\/fussball\/inklusion\/pressespiegel-inklusion\/mann-mit-mumm-und-handicap\/#primaryimage"},"thumbnailUrl":"https:\/\/tsvmusberg.de\/fussball\/wp-content\/uploads\/sites\/14\/Filderzeitung_6_06_19.jpeg","datePublished":"2019-06-06T13:40:01+00:00","dateModified":"2022-08-05T13:43:19+00:00","breadcrumb":{"@id":"https:\/\/tsvmusberg.de\/fussball\/inklusion\/pressespiegel-inklusion\/mann-mit-mumm-und-handicap\/#breadcrumb"},"inLanguage":"de","potentialAction":[{"@type":"ReadAction","target":["https:\/\/tsvmusberg.de\/fussball\/inklusion\/pressespiegel-inklusion\/mann-mit-mumm-und-handicap\/"]}]},{"@type":"ImageObject","inLanguage":"de","@id":"https:\/\/tsvmusberg.de\/fussball\/inklusion\/pressespiegel-inklusion\/mann-mit-mumm-und-handicap\/#primaryimage","url":"https:\/\/tsvmusberg.de\/fussball\/wp-content\/uploads\/sites\/14\/Filderzeitung_6_06_19.jpeg","contentUrl":"https:\/\/tsvmusberg.de\/fussball\/wp-content\/uploads\/sites\/14\/Filderzeitung_6_06_19.jpeg","width":678,"height":768},{"@type":"BreadcrumbList","@id":"https:\/\/tsvmusberg.de\/fussball\/inklusion\/pressespiegel-inklusion\/mann-mit-mumm-und-handicap\/#breadcrumb","itemListElement":[{"@type":"ListItem","position":1,"name":"Startseite","item":"https:\/\/tsvmusberg.de\/fussball\/"},{"@type":"ListItem","position":2,"name":"Mann mit Mumm und Handicap"}]},{"@type":"WebSite","@id":"https:\/\/tsvmusberg.de\/fussball\/#website","url":"https:\/\/tsvmusberg.de\/fussball\/","name":"Fu\u00dfball","description":"Turn- und Sportvereinigung in Leinfelden-Echterdingen","publisher":{"@id":"https:\/\/tsvmusberg.de\/fussball\/#organization"},"potentialAction":[{"@type":"SearchAction","target":{"@type":"EntryPoint","urlTemplate":"https:\/\/tsvmusberg.de\/fussball\/?s={search_term_string}"},"query-input":{"@type":"PropertyValueSpecification","valueRequired":true,"valueName":"search_term_string"}}],"inLanguage":"de"},{"@type":"Organization","@id":"https:\/\/tsvmusberg.de\/fussball\/#organization","name":"TSV Musberg e.V.","url":"https:\/\/tsvmusberg.de\/fussball\/","logo":{"@type":"ImageObject","inLanguage":"de","@id":"https:\/\/tsvmusberg.de\/fussball\/#\/schema\/logo\/image\/","url":"https:\/\/tsvmusberg.de\/fussball\/wp-content\/uploads\/sites\/14\/tsv-musberg-logo.svg","contentUrl":"https:\/\/tsvmusberg.de\/fussball\/wp-content\/uploads\/sites\/14\/tsv-musberg-logo.svg","width":1,"height":1,"caption":"TSV Musberg e.V."},"image":{"@id":"https:\/\/tsvmusberg.de\/fussball\/#\/schema\/logo\/image\/"}},{"@type":"Person","@id":"https:\/\/tsvmusberg.de\/fussball\/#\/schema\/person\/6b8e4747d234f356da5832ef55761eb6","name":"Lucas Schlegel","image":{"@type":"ImageObject","inLanguage":"de","@id":"https:\/\/secure.gravatar.com\/avatar\/4791fb580e1abf6f8ea6c9f4b889593d69789fc9258a2867ca8a7355da3218c0?s=96&d=mm&r=g","url":"https:\/\/secure.gravatar.com\/avatar\/4791fb580e1abf6f8ea6c9f4b889593d69789fc9258a2867ca8a7355da3218c0?s=96&d=mm&r=g","contentUrl":"https:\/\/secure.gravatar.com\/avatar\/4791fb580e1abf6f8ea6c9f4b889593d69789fc9258a2867ca8a7355da3218c0?s=96&d=mm&r=g","caption":"Lucas Schlegel"},"url":"https:\/\/tsvmusberg.de\/fussball\/author\/lucas\/"}]}},"_links":{"self":[{"href":"https:\/\/tsvmusberg.de\/fussball\/wp-json\/wp\/v2\/posts\/1034","targetHints":{"allow":["GET"]}}],"collection":[{"href":"https:\/\/tsvmusberg.de\/fussball\/wp-json\/wp\/v2\/posts"}],"about":[{"href":"https:\/\/tsvmusberg.de\/fussball\/wp-json\/wp\/v2\/types\/post"}],"author":[{"embeddable":true,"href":"https:\/\/tsvmusberg.de\/fussball\/wp-json\/wp\/v2\/users\/2"}],"replies":[{"embeddable":true,"href":"https:\/\/tsvmusberg.de\/fussball\/wp-json\/wp\/v2\/comments?post=1034"}],"version-history":[{"count":2,"href":"https:\/\/tsvmusberg.de\/fussball\/wp-json\/wp\/v2\/posts\/1034\/revisions"}],"predecessor-version":[{"id":1040,"href":"https:\/\/tsvmusberg.de\/fussball\/wp-json\/wp\/v2\/posts\/1034\/revisions\/1040"}],"wp:featuredmedia":[{"embeddable":true,"href":"https:\/\/tsvmusberg.de\/fussball\/wp-json\/wp\/v2\/media\/1036"}],"wp:attachment":[{"href":"https:\/\/tsvmusberg.de\/fussball\/wp-json\/wp\/v2\/media?parent=1034"}],"wp:term":[{"taxonomy":"category","embeddable":true,"href":"https:\/\/tsvmusberg.de\/fussball\/wp-json\/wp\/v2\/categories?post=1034"},{"taxonomy":"post_tag","embeddable":true,"href":"https:\/\/tsvmusberg.de\/fussball\/wp-json\/wp\/v2\/tags?post=1034"}],"curies":[{"name":"wp","href":"https:\/\/api.w.org\/{rel}","templated":true}]}}