{"id":1019,"date":"2019-08-05T14:55:21","date_gmt":"2019-08-05T12:55:21","guid":{"rendered":"https:\/\/tsvmusberg.de\/fussball\/?p=1019"},"modified":"2022-08-05T15:03:23","modified_gmt":"2022-08-05T13:03:23","slug":"vizemeister-beim-inklusionscup-2019","status":"publish","type":"post","link":"https:\/\/tsvmusberg.de\/fussball\/inklusion\/spielberichte-inklusionsmannschaft\/vizemeister-beim-inklusionscup-2019\/","title":{"rendered":"Vizemeister beim Inklusionscup 2019"},"content":{"rendered":"[vc_row type=&#8221;in_container&#8221; full_screen_row_position=&#8221;middle&#8221; column_margin=&#8221;default&#8221; column_direction=&#8221;default&#8221; column_direction_tablet=&#8221;default&#8221; column_direction_phone=&#8221;default&#8221; scene_position=&#8221;center&#8221; text_color=&#8221;dark&#8221; text_align=&#8221;left&#8221; row_border_radius=&#8221;none&#8221; row_border_radius_applies=&#8221;bg&#8221; overflow=&#8221;visible&#8221; overlay_strength=&#8221;0.3&#8243; gradient_direction=&#8221;left_to_right&#8221; shape_divider_position=&#8221;bottom&#8221; bg_image_animation=&#8221;none&#8221;][vc_column column_padding=&#8221;no-extra-padding&#8221; column_padding_tablet=&#8221;inherit&#8221; column_padding_phone=&#8221;inherit&#8221; column_padding_position=&#8221;all&#8221; column_element_spacing=&#8221;default&#8221; background_color_opacity=&#8221;1&#8243; background_hover_color_opacity=&#8221;1&#8243; column_shadow=&#8221;none&#8221; column_border_radius=&#8221;none&#8221; column_link_target=&#8221;_self&#8221; column_position=&#8221;default&#8221; gradient_direction=&#8221;left_to_right&#8221; overlay_strength=&#8221;0.3&#8243; width=&#8221;1\/1&#8243; tablet_width_inherit=&#8221;default&#8221; tablet_text_alignment=&#8221;default&#8221; phone_text_alignment=&#8221;default&#8221; animation_type=&#8221;default&#8221; bg_image_animation=&#8221;none&#8221; border_type=&#8221;simple&#8221; column_border_width=&#8221;none&#8221; column_border_style=&#8221;solid&#8221;][vc_column_text]Die All-Inklusiv-Fu\u00dfballmannschaft hat am 1. Juni erfolgreich bei ihrem ersten Turnier teilgenommen. In Sonthofen (Bayern) mussten sich der TSV nur einmal geschlagen geben. Das einzige Team aus Baden-W\u00fcrttemberg gewann vier Spiele trotz gro\u00dfer Hitze und konnte zum ersten Mal ihre Qualit\u00e4ten unter Beweis stellen.[\/vc_column_text][\/vc_column][\/vc_row]\n","protected":false},"excerpt":{"rendered":"<p>[vc_row type=&#8221;in_container&#8221; full_screen_row_position=&#8221;middle&#8221; column_margin=&#8221;default&#8221; column_direction=&#8221;default&#8221; column_direction_tablet=&#8221;default&#8221; column_direction_phone=&#8221;default&#8221; scene_position=&#8221;center&#8221; text_color=&#8221;dark&#8221; text_align=&#8221;left&#8221; row_border_radius=&#8221;none&#8221; row_border_radius_applies=&#8221;bg&#8221; overflow=&#8221;visible&#8221; overlay_strength=&#8221;0.3&#8243; gradient_direction=&#8221;left_to_right&#8221; shape_divider_position=&#8221;bottom&#8221; bg_image_animation=&#8221;none&#8221;][vc_column column_padding=&#8221;no-extra-padding&#8221; column_padding_tablet=&#8221;inherit&#8221; column_padding_phone=&#8221;inherit&#8221; column_padding_position=&#8221;all&#8221; column_element_spacing=&#8221;default&#8221; background_color_opacity=&#8221;1&#8243; background_hover_color_opacity=&#8221;1&#8243; column_shadow=&#8221;none&#8221; column_border_radius=&#8221;none&#8221; column_link_target=&#8221;_self&#8221; column_position=&#8221;default&#8221; gradient_direction=&#8221;left_to_right&#8221; overlay_strength=&#8221;0.3&#8243;&#8230;<\/p>\n","protected":false},"author":5,"featured_media":0,"comment_status":"closed","ping_status":"closed","sticky":false,"template":"","format":"standard","meta":{"footnotes":""},"categories":[16],"tags":[],"class_list":{"0":"post-1019","1":"post","2":"type-post","3":"status-publish","4":"format-standard","6":"category-spielberichte-inklusionsmannschaft"},"yoast_head":"<!-- This site is optimized with the Yoast SEO plugin v27.5 - https:\/\/yoast.com\/product\/yoast-seo-wordpress\/ -->\n<title>Vizemeister beim Inklusionscup 2019 | Fu\u00dfball<\/title>\n<meta name=\"robots\" content=\"index, follow, max-snippet:-1, max-image-preview:large, max-video-preview:-1\" \/>\n<link rel=\"canonical\" href=\"https:\/\/tsvmusberg.de\/fussball\/inklusion\/spielberichte-inklusionsmannschaft\/vizemeister-beim-inklusionscup-2019\/\" \/>\n<meta property=\"og:locale\" content=\"de_DE\" \/>\n<meta property=\"og:type\" content=\"article\" \/>\n<meta property=\"og:title\" content=\"Vizemeister beim Inklusionscup 2019 | Fu\u00dfball\" \/>\n<meta property=\"og:description\" content=\"[vc_row type=&#8221;in_container&#8221; full_screen_row_position=&#8221;middle&#8221; column_margin=&#8221;default&#8221; column_direction=&#8221;default&#8221; column_direction_tablet=&#8221;default&#8221; column_direction_phone=&#8221;default&#8221; scene_position=&#8221;center&#8221; text_color=&#8221;dark&#8221; text_align=&#8221;left&#8221; row_border_radius=&#8221;none&#8221; row_border_radius_applies=&#8221;bg&#8221; overflow=&#8221;visible&#8221; overlay_strength=&#8221;0.3&#8243; gradient_direction=&#8221;left_to_right&#8221; shape_divider_position=&#8221;bottom&#8221; bg_image_animation=&#8221;none&#8221;][vc_column column_padding=&#8221;no-extra-padding&#8221; column_padding_tablet=&#8221;inherit&#8221; column_padding_phone=&#8221;inherit&#8221; column_padding_position=&#8221;all&#8221; column_element_spacing=&#8221;default&#8221; background_color_opacity=&#8221;1&#8243; background_hover_color_opacity=&#8221;1&#8243; column_shadow=&#8221;none&#8221; column_border_radius=&#8221;none&#8221; column_link_target=&#8221;_self&#8221; column_position=&#8221;default&#8221; gradient_direction=&#8221;left_to_right&#8221; overlay_strength=&#8221;0.3&#8243;...\" \/>\n<meta property=\"og:url\" content=\"https:\/\/tsvmusberg.de\/fussball\/inklusion\/spielberichte-inklusionsmannschaft\/vizemeister-beim-inklusionscup-2019\/\" \/>\n<meta property=\"og:site_name\" content=\"Fu\u00dfball\" \/>\n<meta property=\"article:published_time\" content=\"2019-08-05T12:55:21+00:00\" \/>\n<meta property=\"article:modified_time\" content=\"2022-08-05T13:03:23+00:00\" \/>\n<meta name=\"author\" content=\"inklusion\" \/>\n<meta name=\"twitter:card\" content=\"summary_large_image\" \/>\n<meta name=\"twitter:label1\" content=\"Verfasst von\" \/>\n\t<meta name=\"twitter:data1\" content=\"inklusion\" \/>\n\t<meta name=\"twitter:label2\" content=\"Gesch\u00e4tzte Lesezeit\" \/>\n\t<meta name=\"twitter:data2\" content=\"1\u00a0Minute\" \/>\n<script type=\"application\/ld+json\" class=\"yoast-schema-graph\">{\"@context\":\"https:\\\/\\\/schema.org\",\"@graph\":[{\"@type\":\"Article\",\"@id\":\"https:\\\/\\\/tsvmusberg.de\\\/fussball\\\/inklusion\\\/spielberichte-inklusionsmannschaft\\\/vizemeister-beim-inklusionscup-2019\\\/#article\",\"isPartOf\":{\"@id\":\"https:\\\/\\\/tsvmusberg.de\\\/fussball\\\/inklusion\\\/spielberichte-inklusionsmannschaft\\\/vizemeister-beim-inklusionscup-2019\\\/\"},\"author\":{\"name\":\"inklusion\",\"@id\":\"https:\\\/\\\/tsvmusberg.de\\\/fussball\\\/#\\\/schema\\\/person\\\/3772a19f3c5855ee42d17d94e01f8b7d\"},\"headline\":\"Vizemeister beim Inklusionscup 2019\",\"datePublished\":\"2019-08-05T12:55:21+00:00\",\"dateModified\":\"2022-08-05T13:03:23+00:00\",\"mainEntityOfPage\":{\"@id\":\"https:\\\/\\\/tsvmusberg.de\\\/fussball\\\/inklusion\\\/spielberichte-inklusionsmannschaft\\\/vizemeister-beim-inklusionscup-2019\\\/\"},\"wordCount\":199,\"publisher\":{\"@id\":\"https:\\\/\\\/tsvmusberg.de\\\/fussball\\\/#organization\"},\"articleSection\":[\"Spielberichte\"],\"inLanguage\":\"de\"},{\"@type\":\"WebPage\",\"@id\":\"https:\\\/\\\/tsvmusberg.de\\\/fussball\\\/inklusion\\\/spielberichte-inklusionsmannschaft\\\/vizemeister-beim-inklusionscup-2019\\\/\",\"url\":\"https:\\\/\\\/tsvmusberg.de\\\/fussball\\\/inklusion\\\/spielberichte-inklusionsmannschaft\\\/vizemeister-beim-inklusionscup-2019\\\/\",\"name\":\"Vizemeister beim Inklusionscup 2019 | Fu\u00dfball\",\"isPartOf\":{\"@id\":\"https:\\\/\\\/tsvmusberg.de\\\/fussball\\\/#website\"},\"datePublished\":\"2019-08-05T12:55:21+00:00\",\"dateModified\":\"2022-08-05T13:03:23+00:00\",\"breadcrumb\":{\"@id\":\"https:\\\/\\\/tsvmusberg.de\\\/fussball\\\/inklusion\\\/spielberichte-inklusionsmannschaft\\\/vizemeister-beim-inklusionscup-2019\\\/#breadcrumb\"},\"inLanguage\":\"de\",\"potentialAction\":[{\"@type\":\"ReadAction\",\"target\":[\"https:\\\/\\\/tsvmusberg.de\\\/fussball\\\/inklusion\\\/spielberichte-inklusionsmannschaft\\\/vizemeister-beim-inklusionscup-2019\\\/\"]}]},{\"@type\":\"BreadcrumbList\",\"@id\":\"https:\\\/\\\/tsvmusberg.de\\\/fussball\\\/inklusion\\\/spielberichte-inklusionsmannschaft\\\/vizemeister-beim-inklusionscup-2019\\\/#breadcrumb\",\"itemListElement\":[{\"@type\":\"ListItem\",\"position\":1,\"name\":\"Startseite\",\"item\":\"https:\\\/\\\/tsvmusberg.de\\\/fussball\\\/\"},{\"@type\":\"ListItem\",\"position\":2,\"name\":\"Vizemeister beim Inklusionscup 2019\"}]},{\"@type\":\"WebSite\",\"@id\":\"https:\\\/\\\/tsvmusberg.de\\\/fussball\\\/#website\",\"url\":\"https:\\\/\\\/tsvmusberg.de\\\/fussball\\\/\",\"name\":\"Fu\u00dfball\",\"description\":\"Turn- und Sportvereinigung in Leinfelden-Echterdingen\",\"publisher\":{\"@id\":\"https:\\\/\\\/tsvmusberg.de\\\/fussball\\\/#organization\"},\"potentialAction\":[{\"@type\":\"SearchAction\",\"target\":{\"@type\":\"EntryPoint\",\"urlTemplate\":\"https:\\\/\\\/tsvmusberg.de\\\/fussball\\\/?s={search_term_string}\"},\"query-input\":{\"@type\":\"PropertyValueSpecification\",\"valueRequired\":true,\"valueName\":\"search_term_string\"}}],\"inLanguage\":\"de\"},{\"@type\":\"Organization\",\"@id\":\"https:\\\/\\\/tsvmusberg.de\\\/fussball\\\/#organization\",\"name\":\"TSV Musberg e.V.\",\"url\":\"https:\\\/\\\/tsvmusberg.de\\\/fussball\\\/\",\"logo\":{\"@type\":\"ImageObject\",\"inLanguage\":\"de\",\"@id\":\"https:\\\/\\\/tsvmusberg.de\\\/fussball\\\/#\\\/schema\\\/logo\\\/image\\\/\",\"url\":\"https:\\\/\\\/tsvmusberg.de\\\/fussball\\\/wp-content\\\/uploads\\\/sites\\\/14\\\/tsv-musberg-logo.svg\",\"contentUrl\":\"https:\\\/\\\/tsvmusberg.de\\\/fussball\\\/wp-content\\\/uploads\\\/sites\\\/14\\\/tsv-musberg-logo.svg\",\"width\":1,\"height\":1,\"caption\":\"TSV Musberg e.V.\"},\"image\":{\"@id\":\"https:\\\/\\\/tsvmusberg.de\\\/fussball\\\/#\\\/schema\\\/logo\\\/image\\\/\"}},{\"@type\":\"Person\",\"@id\":\"https:\\\/\\\/tsvmusberg.de\\\/fussball\\\/#\\\/schema\\\/person\\\/3772a19f3c5855ee42d17d94e01f8b7d\",\"name\":\"inklusion\",\"image\":{\"@type\":\"ImageObject\",\"inLanguage\":\"de\",\"@id\":\"https:\\\/\\\/secure.gravatar.com\\\/avatar\\\/73475a598e6cd7a5da612a3da36356b27cc0221200b0697cf6e9bdabe92c3735?s=96&d=mm&r=g\",\"url\":\"https:\\\/\\\/secure.gravatar.com\\\/avatar\\\/73475a598e6cd7a5da612a3da36356b27cc0221200b0697cf6e9bdabe92c3735?s=96&d=mm&r=g\",\"contentUrl\":\"https:\\\/\\\/secure.gravatar.com\\\/avatar\\\/73475a598e6cd7a5da612a3da36356b27cc0221200b0697cf6e9bdabe92c3735?s=96&d=mm&r=g\",\"caption\":\"inklusion\"},\"url\":\"https:\\\/\\\/tsvmusberg.de\\\/fussball\\\/author\\\/inklusion\\\/\"}]}<\/script>\n<!-- \/ Yoast SEO plugin. -->","yoast_head_json":{"title":"Vizemeister beim Inklusionscup 2019 | Fu\u00dfball","robots":{"index":"index","follow":"follow","max-snippet":"max-snippet:-1","max-image-preview":"max-image-preview:large","max-video-preview":"max-video-preview:-1"},"canonical":"https:\/\/tsvmusberg.de\/fussball\/inklusion\/spielberichte-inklusionsmannschaft\/vizemeister-beim-inklusionscup-2019\/","og_locale":"de_DE","og_type":"article","og_title":"Vizemeister beim Inklusionscup 2019 | Fu\u00dfball","og_description":"[vc_row type=&#8221;in_container&#8221; full_screen_row_position=&#8221;middle&#8221; column_margin=&#8221;default&#8221; column_direction=&#8221;default&#8221; column_direction_tablet=&#8221;default&#8221; column_direction_phone=&#8221;default&#8221; scene_position=&#8221;center&#8221; text_color=&#8221;dark&#8221; text_align=&#8221;left&#8221; row_border_radius=&#8221;none&#8221; row_border_radius_applies=&#8221;bg&#8221; overflow=&#8221;visible&#8221; overlay_strength=&#8221;0.3&#8243; gradient_direction=&#8221;left_to_right&#8221; shape_divider_position=&#8221;bottom&#8221; bg_image_animation=&#8221;none&#8221;][vc_column column_padding=&#8221;no-extra-padding&#8221; column_padding_tablet=&#8221;inherit&#8221; column_padding_phone=&#8221;inherit&#8221; column_padding_position=&#8221;all&#8221; column_element_spacing=&#8221;default&#8221; background_color_opacity=&#8221;1&#8243; background_hover_color_opacity=&#8221;1&#8243; column_shadow=&#8221;none&#8221; column_border_radius=&#8221;none&#8221; column_link_target=&#8221;_self&#8221; column_position=&#8221;default&#8221; gradient_direction=&#8221;left_to_right&#8221; overlay_strength=&#8221;0.3&#8243;...","og_url":"https:\/\/tsvmusberg.de\/fussball\/inklusion\/spielberichte-inklusionsmannschaft\/vizemeister-beim-inklusionscup-2019\/","og_site_name":"Fu\u00dfball","article_published_time":"2019-08-05T12:55:21+00:00","article_modified_time":"2022-08-05T13:03:23+00:00","author":"inklusion","twitter_card":"summary_large_image","twitter_misc":{"Verfasst von":"inklusion","Gesch\u00e4tzte Lesezeit":"1\u00a0Minute"},"schema":{"@context":"https:\/\/schema.org","@graph":[{"@type":"Article","@id":"https:\/\/tsvmusberg.de\/fussball\/inklusion\/spielberichte-inklusionsmannschaft\/vizemeister-beim-inklusionscup-2019\/#article","isPartOf":{"@id":"https:\/\/tsvmusberg.de\/fussball\/inklusion\/spielberichte-inklusionsmannschaft\/vizemeister-beim-inklusionscup-2019\/"},"author":{"name":"inklusion","@id":"https:\/\/tsvmusberg.de\/fussball\/#\/schema\/person\/3772a19f3c5855ee42d17d94e01f8b7d"},"headline":"Vizemeister beim Inklusionscup 2019","datePublished":"2019-08-05T12:55:21+00:00","dateModified":"2022-08-05T13:03:23+00:00","mainEntityOfPage":{"@id":"https:\/\/tsvmusberg.de\/fussball\/inklusion\/spielberichte-inklusionsmannschaft\/vizemeister-beim-inklusionscup-2019\/"},"wordCount":199,"publisher":{"@id":"https:\/\/tsvmusberg.de\/fussball\/#organization"},"articleSection":["Spielberichte"],"inLanguage":"de"},{"@type":"WebPage","@id":"https:\/\/tsvmusberg.de\/fussball\/inklusion\/spielberichte-inklusionsmannschaft\/vizemeister-beim-inklusionscup-2019\/","url":"https:\/\/tsvmusberg.de\/fussball\/inklusion\/spielberichte-inklusionsmannschaft\/vizemeister-beim-inklusionscup-2019\/","name":"Vizemeister beim Inklusionscup 2019 | Fu\u00dfball","isPartOf":{"@id":"https:\/\/tsvmusberg.de\/fussball\/#website"},"datePublished":"2019-08-05T12:55:21+00:00","dateModified":"2022-08-05T13:03:23+00:00","breadcrumb":{"@id":"https:\/\/tsvmusberg.de\/fussball\/inklusion\/spielberichte-inklusionsmannschaft\/vizemeister-beim-inklusionscup-2019\/#breadcrumb"},"inLanguage":"de","potentialAction":[{"@type":"ReadAction","target":["https:\/\/tsvmusberg.de\/fussball\/inklusion\/spielberichte-inklusionsmannschaft\/vizemeister-beim-inklusionscup-2019\/"]}]},{"@type":"BreadcrumbList","@id":"https:\/\/tsvmusberg.de\/fussball\/inklusion\/spielberichte-inklusionsmannschaft\/vizemeister-beim-inklusionscup-2019\/#breadcrumb","itemListElement":[{"@type":"ListItem","position":1,"name":"Startseite","item":"https:\/\/tsvmusberg.de\/fussball\/"},{"@type":"ListItem","position":2,"name":"Vizemeister beim Inklusionscup 2019"}]},{"@type":"WebSite","@id":"https:\/\/tsvmusberg.de\/fussball\/#website","url":"https:\/\/tsvmusberg.de\/fussball\/","name":"Fu\u00dfball","description":"Turn- und Sportvereinigung in Leinfelden-Echterdingen","publisher":{"@id":"https:\/\/tsvmusberg.de\/fussball\/#organization"},"potentialAction":[{"@type":"SearchAction","target":{"@type":"EntryPoint","urlTemplate":"https:\/\/tsvmusberg.de\/fussball\/?s={search_term_string}"},"query-input":{"@type":"PropertyValueSpecification","valueRequired":true,"valueName":"search_term_string"}}],"inLanguage":"de"},{"@type":"Organization","@id":"https:\/\/tsvmusberg.de\/fussball\/#organization","name":"TSV Musberg e.V.","url":"https:\/\/tsvmusberg.de\/fussball\/","logo":{"@type":"ImageObject","inLanguage":"de","@id":"https:\/\/tsvmusberg.de\/fussball\/#\/schema\/logo\/image\/","url":"https:\/\/tsvmusberg.de\/fussball\/wp-content\/uploads\/sites\/14\/tsv-musberg-logo.svg","contentUrl":"https:\/\/tsvmusberg.de\/fussball\/wp-content\/uploads\/sites\/14\/tsv-musberg-logo.svg","width":1,"height":1,"caption":"TSV Musberg e.V."},"image":{"@id":"https:\/\/tsvmusberg.de\/fussball\/#\/schema\/logo\/image\/"}},{"@type":"Person","@id":"https:\/\/tsvmusberg.de\/fussball\/#\/schema\/person\/3772a19f3c5855ee42d17d94e01f8b7d","name":"inklusion","image":{"@type":"ImageObject","inLanguage":"de","@id":"https:\/\/secure.gravatar.com\/avatar\/73475a598e6cd7a5da612a3da36356b27cc0221200b0697cf6e9bdabe92c3735?s=96&d=mm&r=g","url":"https:\/\/secure.gravatar.com\/avatar\/73475a598e6cd7a5da612a3da36356b27cc0221200b0697cf6e9bdabe92c3735?s=96&d=mm&r=g","contentUrl":"https:\/\/secure.gravatar.com\/avatar\/73475a598e6cd7a5da612a3da36356b27cc0221200b0697cf6e9bdabe92c3735?s=96&d=mm&r=g","caption":"inklusion"},"url":"https:\/\/tsvmusberg.de\/fussball\/author\/inklusion\/"}]}},"_links":{"self":[{"href":"https:\/\/tsvmusberg.de\/fussball\/wp-json\/wp\/v2\/posts\/1019","targetHints":{"allow":["GET"]}}],"collection":[{"href":"https:\/\/tsvmusberg.de\/fussball\/wp-json\/wp\/v2\/posts"}],"about":[{"href":"https:\/\/tsvmusberg.de\/fussball\/wp-json\/wp\/v2\/types\/post"}],"author":[{"embeddable":true,"href":"https:\/\/tsvmusberg.de\/fussball\/wp-json\/wp\/v2\/users\/5"}],"replies":[{"embeddable":true,"href":"https:\/\/tsvmusberg.de\/fussball\/wp-json\/wp\/v2\/comments?post=1019"}],"version-history":[{"count":1,"href":"https:\/\/tsvmusberg.de\/fussball\/wp-json\/wp\/v2\/posts\/1019\/revisions"}],"predecessor-version":[{"id":1020,"href":"https:\/\/tsvmusberg.de\/fussball\/wp-json\/wp\/v2\/posts\/1019\/revisions\/1020"}],"wp:attachment":[{"href":"https:\/\/tsvmusberg.de\/fussball\/wp-json\/wp\/v2\/media?parent=1019"}],"wp:term":[{"taxonomy":"category","embeddable":true,"href":"https:\/\/tsvmusberg.de\/fussball\/wp-json\/wp\/v2\/categories?post=1019"},{"taxonomy":"post_tag","embeddable":true,"href":"https:\/\/tsvmusberg.de\/fussball\/wp-json\/wp\/v2\/tags?post=1019"}],"curies":[{"name":"wp","href":"https:\/\/api.w.org\/{rel}","templated":true}]}}