{"id":1011,"date":"2021-09-06T14:46:44","date_gmt":"2021-09-06T12:46:44","guid":{"rendered":"https:\/\/tsvmusberg.de\/fussball\/?p=1011"},"modified":"2022-08-05T15:04:44","modified_gmt":"2022-08-05T13:04:44","slug":"was-fuer-ein-grossartiger-abend","status":"publish","type":"post","link":"https:\/\/tsvmusberg.de\/fussball\/inklusion\/news-inklusion\/was-fuer-ein-grossartiger-abend\/","title":{"rendered":"Was f\u00fcr ein gro\u00dfartiger Abend!!!!!"},"content":{"rendered":"[vc_row type=&#8221;in_container&#8221; full_screen_row_position=&#8221;middle&#8221; column_margin=&#8221;default&#8221; column_direction=&#8221;default&#8221; column_direction_tablet=&#8221;default&#8221; column_direction_phone=&#8221;default&#8221; scene_position=&#8221;center&#8221; text_color=&#8221;dark&#8221; text_align=&#8221;left&#8221; row_border_radius=&#8221;none&#8221; row_border_radius_applies=&#8221;bg&#8221; overflow=&#8221;visible&#8221; overlay_strength=&#8221;0.3&#8243; gradient_direction=&#8221;left_to_right&#8221; shape_divider_position=&#8221;bottom&#8221; bg_image_animation=&#8221;none&#8221;][vc_column column_padding=&#8221;no-extra-padding&#8221; column_padding_tablet=&#8221;inherit&#8221; column_padding_phone=&#8221;inherit&#8221; column_padding_position=&#8221;all&#8221; column_element_spacing=&#8221;default&#8221; background_color_opacity=&#8221;1&#8243; background_hover_color_opacity=&#8221;1&#8243; column_shadow=&#8221;none&#8221; column_border_radius=&#8221;none&#8221; column_link_target=&#8221;_self&#8221; column_position=&#8221;default&#8221; gradient_direction=&#8221;left_to_right&#8221; overlay_strength=&#8221;0.3&#8243; width=&#8221;1\/2&#8243; tablet_width_inherit=&#8221;default&#8221; tablet_text_alignment=&#8221;default&#8221; phone_text_alignment=&#8221;default&#8221; animation_type=&#8221;default&#8221; bg_image_animation=&#8221;none&#8221; border_type=&#8221;simple&#8221; column_border_width=&#8221;none&#8221; column_border_style=&#8221;solid&#8221;][vc_column_text]Am 5. September wurden wir von VW, dem Sponsor der deutschen Nationalmannschaft zum WM-Qualifikationsspiel Deutschland gegen Armenien nach Stuttgart eingeladen. Dies wurde von Oliver Deutscher und Frank Thumm vom WFV ( w\u00fcrttembergischer Fu\u00dfballverband) m\u00f6glich gemacht. Nachdem wir uns vor dem Spiel mit den Vertretern Herrn Michael M\u00fcller ( DDB Entertainment), Herr Frank Thumm ( WFV) und Herr Steffen J\u00e4ger ( WFV ) getroffen hatten, wurden wir zu unseren Pl\u00e4tzen begleitet. Diese befanden sich auf der Gegengeraden. Mit Sitzpl\u00e4tzen nahe des Spielfeldes hatte das Team einen hervorragenden Blick auf den Rasen. Die deutsche Mannschaft spielte einen attraktiven Fu\u00dfball und vers\u00fc\u00dfte uns den sommerlichen Abend mit sechs wundersch\u00f6nen Toren. Die Stimmung war sehr ausgelassen und erlebte seinen H\u00f6hepunkt bei der La-Ola-Welle, die sich minutenlang durch das Stadion bewegte.\u00a0 Ein H\u00f6hepunkt jagte den n\u00e4chsten und so konnten wir noch gemeinsam Fotos mit Kevin Kuranyi und Cacao machen.\u00a0 Dieser Abend machte einfach nur Spa\u00df.\u00a0 Vielen Dank an alle, die uns dieses unvergessliche gemeinsame Erlebnis schenkten.[\/vc_column_text][\/vc_column][vc_column column_padding=&#8221;no-extra-padding&#8221; column_padding_tablet=&#8221;inherit&#8221; column_padding_phone=&#8221;inherit&#8221; column_padding_position=&#8221;all&#8221; column_element_spacing=&#8221;default&#8221; background_color_opacity=&#8221;1&#8243; background_hover_color_opacity=&#8221;1&#8243; column_shadow=&#8221;none&#8221; column_border_radius=&#8221;none&#8221; column_link_target=&#8221;_self&#8221; column_position=&#8221;default&#8221; gradient_direction=&#8221;left_to_right&#8221; overlay_strength=&#8221;0.3&#8243; width=&#8221;1\/2&#8243; tablet_width_inherit=&#8221;default&#8221; tablet_text_alignment=&#8221;default&#8221; phone_text_alignment=&#8221;default&#8221; animation_type=&#8221;default&#8221; bg_image_animation=&#8221;none&#8221; border_type=&#8221;simple&#8221; column_border_width=&#8221;none&#8221; column_border_style=&#8221;solid&#8221;][image_with_animation image_url=&#8221;939&#8243; image_size=&#8221;full&#8221; animation_type=&#8221;entrance&#8221; animation=&#8221;Fade In&#8221; hover_animation=&#8221;none&#8221; alignment=&#8221;&#8221; border_radius=&#8221;none&#8221; box_shadow=&#8221;none&#8221; image_loading=&#8221;default&#8221; max_width=&#8221;100%&#8221; max_width_mobile=&#8221;default&#8221;][\/vc_column][\/vc_row]\n","protected":false},"excerpt":{"rendered":"<p>[vc_row type=&#8221;in_container&#8221; full_screen_row_position=&#8221;middle&#8221; column_margin=&#8221;default&#8221; column_direction=&#8221;default&#8221; column_direction_tablet=&#8221;default&#8221; column_direction_phone=&#8221;default&#8221; scene_position=&#8221;center&#8221; text_color=&#8221;dark&#8221; text_align=&#8221;left&#8221; row_border_radius=&#8221;none&#8221; row_border_radius_applies=&#8221;bg&#8221; overflow=&#8221;visible&#8221; overlay_strength=&#8221;0.3&#8243; gradient_direction=&#8221;left_to_right&#8221; shape_divider_position=&#8221;bottom&#8221; bg_image_animation=&#8221;none&#8221;][vc_column column_padding=&#8221;no-extra-padding&#8221; column_padding_tablet=&#8221;inherit&#8221; column_padding_phone=&#8221;inherit&#8221; column_padding_position=&#8221;all&#8221; column_element_spacing=&#8221;default&#8221; background_color_opacity=&#8221;1&#8243; background_hover_color_opacity=&#8221;1&#8243; column_shadow=&#8221;none&#8221; column_border_radius=&#8221;none&#8221; column_link_target=&#8221;_self&#8221; column_position=&#8221;default&#8221; gradient_direction=&#8221;left_to_right&#8221; overlay_strength=&#8221;0.3&#8243;&#8230;<\/p>\n","protected":false},"author":5,"featured_media":939,"comment_status":"closed","ping_status":"closed","sticky":false,"template":"","format":"standard","meta":{"footnotes":""},"categories":[20],"tags":[],"class_list":{"0":"post-1011","1":"post","2":"type-post","3":"status-publish","4":"format-standard","5":"has-post-thumbnail","7":"category-news-inklusion"},"yoast_head":"<!-- This site is optimized with the Yoast SEO plugin v27.5 - https:\/\/yoast.com\/product\/yoast-seo-wordpress\/ -->\n<title>Was f\u00fcr ein gro\u00dfartiger Abend!!!!! | Fu\u00dfball<\/title>\n<meta name=\"robots\" content=\"index, follow, max-snippet:-1, max-image-preview:large, max-video-preview:-1\" \/>\n<link rel=\"canonical\" href=\"https:\/\/tsvmusberg.de\/fussball\/inklusion\/news-inklusion\/was-fuer-ein-grossartiger-abend\/\" \/>\n<meta property=\"og:locale\" content=\"de_DE\" \/>\n<meta property=\"og:type\" content=\"article\" \/>\n<meta property=\"og:title\" content=\"Was f\u00fcr ein gro\u00dfartiger Abend!!!!! | Fu\u00dfball\" \/>\n<meta property=\"og:description\" content=\"[vc_row type=&#8221;in_container&#8221; full_screen_row_position=&#8221;middle&#8221; column_margin=&#8221;default&#8221; column_direction=&#8221;default&#8221; column_direction_tablet=&#8221;default&#8221; column_direction_phone=&#8221;default&#8221; scene_position=&#8221;center&#8221; text_color=&#8221;dark&#8221; text_align=&#8221;left&#8221; row_border_radius=&#8221;none&#8221; row_border_radius_applies=&#8221;bg&#8221; overflow=&#8221;visible&#8221; overlay_strength=&#8221;0.3&#8243; gradient_direction=&#8221;left_to_right&#8221; shape_divider_position=&#8221;bottom&#8221; bg_image_animation=&#8221;none&#8221;][vc_column column_padding=&#8221;no-extra-padding&#8221; column_padding_tablet=&#8221;inherit&#8221; column_padding_phone=&#8221;inherit&#8221; column_padding_position=&#8221;all&#8221; column_element_spacing=&#8221;default&#8221; background_color_opacity=&#8221;1&#8243; background_hover_color_opacity=&#8221;1&#8243; column_shadow=&#8221;none&#8221; column_border_radius=&#8221;none&#8221; column_link_target=&#8221;_self&#8221; column_position=&#8221;default&#8221; gradient_direction=&#8221;left_to_right&#8221; overlay_strength=&#8221;0.3&#8243;...\" \/>\n<meta property=\"og:url\" content=\"https:\/\/tsvmusberg.de\/fussball\/inklusion\/news-inklusion\/was-fuer-ein-grossartiger-abend\/\" \/>\n<meta property=\"og:site_name\" content=\"Fu\u00dfball\" \/>\n<meta property=\"article:published_time\" content=\"2021-09-06T12:46:44+00:00\" \/>\n<meta property=\"article:modified_time\" content=\"2022-08-05T13:04:44+00:00\" \/>\n<meta property=\"og:image\" content=\"https:\/\/tsvmusberg.de\/fussball\/wp-content\/uploads\/sites\/14\/TSV_Musberg_1-scaled.jpg\" \/>\n\t<meta property=\"og:image:width\" content=\"2560\" \/>\n\t<meta property=\"og:image:height\" content=\"2050\" \/>\n\t<meta property=\"og:image:type\" content=\"image\/jpeg\" \/>\n<meta name=\"author\" content=\"inklusion\" \/>\n<meta name=\"twitter:card\" content=\"summary_large_image\" \/>\n<meta name=\"twitter:label1\" content=\"Verfasst von\" \/>\n\t<meta name=\"twitter:data1\" content=\"inklusion\" \/>\n\t<meta name=\"twitter:label2\" content=\"Gesch\u00e4tzte Lesezeit\" \/>\n\t<meta name=\"twitter:data2\" content=\"2\u00a0Minuten\" \/>\n<script type=\"application\/ld+json\" class=\"yoast-schema-graph\">{\"@context\":\"https:\\\/\\\/schema.org\",\"@graph\":[{\"@type\":\"Article\",\"@id\":\"https:\\\/\\\/tsvmusberg.de\\\/fussball\\\/inklusion\\\/news-inklusion\\\/was-fuer-ein-grossartiger-abend\\\/#article\",\"isPartOf\":{\"@id\":\"https:\\\/\\\/tsvmusberg.de\\\/fussball\\\/inklusion\\\/news-inklusion\\\/was-fuer-ein-grossartiger-abend\\\/\"},\"author\":{\"name\":\"inklusion\",\"@id\":\"https:\\\/\\\/tsvmusberg.de\\\/fussball\\\/#\\\/schema\\\/person\\\/3772a19f3c5855ee42d17d94e01f8b7d\"},\"headline\":\"Was f\u00fcr ein gro\u00dfartiger Abend!!!!!\",\"datePublished\":\"2021-09-06T12:46:44+00:00\",\"dateModified\":\"2022-08-05T13:04:44+00:00\",\"mainEntityOfPage\":{\"@id\":\"https:\\\/\\\/tsvmusberg.de\\\/fussball\\\/inklusion\\\/news-inklusion\\\/was-fuer-ein-grossartiger-abend\\\/\"},\"wordCount\":439,\"publisher\":{\"@id\":\"https:\\\/\\\/tsvmusberg.de\\\/fussball\\\/#organization\"},\"image\":{\"@id\":\"https:\\\/\\\/tsvmusberg.de\\\/fussball\\\/inklusion\\\/news-inklusion\\\/was-fuer-ein-grossartiger-abend\\\/#primaryimage\"},\"thumbnailUrl\":\"https:\\\/\\\/tsvmusberg.de\\\/fussball\\\/wp-content\\\/uploads\\\/sites\\\/14\\\/TSV_Musberg_1-scaled.jpg\",\"articleSection\":[\"Neuigkeiten\"],\"inLanguage\":\"de\"},{\"@type\":\"WebPage\",\"@id\":\"https:\\\/\\\/tsvmusberg.de\\\/fussball\\\/inklusion\\\/news-inklusion\\\/was-fuer-ein-grossartiger-abend\\\/\",\"url\":\"https:\\\/\\\/tsvmusberg.de\\\/fussball\\\/inklusion\\\/news-inklusion\\\/was-fuer-ein-grossartiger-abend\\\/\",\"name\":\"Was f\u00fcr ein gro\u00dfartiger Abend!!!!! | Fu\u00dfball\",\"isPartOf\":{\"@id\":\"https:\\\/\\\/tsvmusberg.de\\\/fussball\\\/#website\"},\"primaryImageOfPage\":{\"@id\":\"https:\\\/\\\/tsvmusberg.de\\\/fussball\\\/inklusion\\\/news-inklusion\\\/was-fuer-ein-grossartiger-abend\\\/#primaryimage\"},\"image\":{\"@id\":\"https:\\\/\\\/tsvmusberg.de\\\/fussball\\\/inklusion\\\/news-inklusion\\\/was-fuer-ein-grossartiger-abend\\\/#primaryimage\"},\"thumbnailUrl\":\"https:\\\/\\\/tsvmusberg.de\\\/fussball\\\/wp-content\\\/uploads\\\/sites\\\/14\\\/TSV_Musberg_1-scaled.jpg\",\"datePublished\":\"2021-09-06T12:46:44+00:00\",\"dateModified\":\"2022-08-05T13:04:44+00:00\",\"breadcrumb\":{\"@id\":\"https:\\\/\\\/tsvmusberg.de\\\/fussball\\\/inklusion\\\/news-inklusion\\\/was-fuer-ein-grossartiger-abend\\\/#breadcrumb\"},\"inLanguage\":\"de\",\"potentialAction\":[{\"@type\":\"ReadAction\",\"target\":[\"https:\\\/\\\/tsvmusberg.de\\\/fussball\\\/inklusion\\\/news-inklusion\\\/was-fuer-ein-grossartiger-abend\\\/\"]}]},{\"@type\":\"ImageObject\",\"inLanguage\":\"de\",\"@id\":\"https:\\\/\\\/tsvmusberg.de\\\/fussball\\\/inklusion\\\/news-inklusion\\\/was-fuer-ein-grossartiger-abend\\\/#primaryimage\",\"url\":\"https:\\\/\\\/tsvmusberg.de\\\/fussball\\\/wp-content\\\/uploads\\\/sites\\\/14\\\/TSV_Musberg_1-scaled.jpg\",\"contentUrl\":\"https:\\\/\\\/tsvmusberg.de\\\/fussball\\\/wp-content\\\/uploads\\\/sites\\\/14\\\/TSV_Musberg_1-scaled.jpg\",\"width\":2560,\"height\":2050},{\"@type\":\"BreadcrumbList\",\"@id\":\"https:\\\/\\\/tsvmusberg.de\\\/fussball\\\/inklusion\\\/news-inklusion\\\/was-fuer-ein-grossartiger-abend\\\/#breadcrumb\",\"itemListElement\":[{\"@type\":\"ListItem\",\"position\":1,\"name\":\"Startseite\",\"item\":\"https:\\\/\\\/tsvmusberg.de\\\/fussball\\\/\"},{\"@type\":\"ListItem\",\"position\":2,\"name\":\"Was f\u00fcr ein gro\u00dfartiger Abend!!!!!\"}]},{\"@type\":\"WebSite\",\"@id\":\"https:\\\/\\\/tsvmusberg.de\\\/fussball\\\/#website\",\"url\":\"https:\\\/\\\/tsvmusberg.de\\\/fussball\\\/\",\"name\":\"Fu\u00dfball\",\"description\":\"Turn- und Sportvereinigung in Leinfelden-Echterdingen\",\"publisher\":{\"@id\":\"https:\\\/\\\/tsvmusberg.de\\\/fussball\\\/#organization\"},\"potentialAction\":[{\"@type\":\"SearchAction\",\"target\":{\"@type\":\"EntryPoint\",\"urlTemplate\":\"https:\\\/\\\/tsvmusberg.de\\\/fussball\\\/?s={search_term_string}\"},\"query-input\":{\"@type\":\"PropertyValueSpecification\",\"valueRequired\":true,\"valueName\":\"search_term_string\"}}],\"inLanguage\":\"de\"},{\"@type\":\"Organization\",\"@id\":\"https:\\\/\\\/tsvmusberg.de\\\/fussball\\\/#organization\",\"name\":\"TSV Musberg e.V.\",\"url\":\"https:\\\/\\\/tsvmusberg.de\\\/fussball\\\/\",\"logo\":{\"@type\":\"ImageObject\",\"inLanguage\":\"de\",\"@id\":\"https:\\\/\\\/tsvmusberg.de\\\/fussball\\\/#\\\/schema\\\/logo\\\/image\\\/\",\"url\":\"https:\\\/\\\/tsvmusberg.de\\\/fussball\\\/wp-content\\\/uploads\\\/sites\\\/14\\\/tsv-musberg-logo.svg\",\"contentUrl\":\"https:\\\/\\\/tsvmusberg.de\\\/fussball\\\/wp-content\\\/uploads\\\/sites\\\/14\\\/tsv-musberg-logo.svg\",\"width\":1,\"height\":1,\"caption\":\"TSV Musberg e.V.\"},\"image\":{\"@id\":\"https:\\\/\\\/tsvmusberg.de\\\/fussball\\\/#\\\/schema\\\/logo\\\/image\\\/\"}},{\"@type\":\"Person\",\"@id\":\"https:\\\/\\\/tsvmusberg.de\\\/fussball\\\/#\\\/schema\\\/person\\\/3772a19f3c5855ee42d17d94e01f8b7d\",\"name\":\"inklusion\",\"image\":{\"@type\":\"ImageObject\",\"inLanguage\":\"de\",\"@id\":\"https:\\\/\\\/secure.gravatar.com\\\/avatar\\\/73475a598e6cd7a5da612a3da36356b27cc0221200b0697cf6e9bdabe92c3735?s=96&d=mm&r=g\",\"url\":\"https:\\\/\\\/secure.gravatar.com\\\/avatar\\\/73475a598e6cd7a5da612a3da36356b27cc0221200b0697cf6e9bdabe92c3735?s=96&d=mm&r=g\",\"contentUrl\":\"https:\\\/\\\/secure.gravatar.com\\\/avatar\\\/73475a598e6cd7a5da612a3da36356b27cc0221200b0697cf6e9bdabe92c3735?s=96&d=mm&r=g\",\"caption\":\"inklusion\"},\"url\":\"https:\\\/\\\/tsvmusberg.de\\\/fussball\\\/author\\\/inklusion\\\/\"}]}<\/script>\n<!-- \/ Yoast SEO plugin. -->","yoast_head_json":{"title":"Was f\u00fcr ein gro\u00dfartiger Abend!!!!! | Fu\u00dfball","robots":{"index":"index","follow":"follow","max-snippet":"max-snippet:-1","max-image-preview":"max-image-preview:large","max-video-preview":"max-video-preview:-1"},"canonical":"https:\/\/tsvmusberg.de\/fussball\/inklusion\/news-inklusion\/was-fuer-ein-grossartiger-abend\/","og_locale":"de_DE","og_type":"article","og_title":"Was f\u00fcr ein gro\u00dfartiger Abend!!!!! | Fu\u00dfball","og_description":"[vc_row type=&#8221;in_container&#8221; full_screen_row_position=&#8221;middle&#8221; column_margin=&#8221;default&#8221; column_direction=&#8221;default&#8221; column_direction_tablet=&#8221;default&#8221; column_direction_phone=&#8221;default&#8221; scene_position=&#8221;center&#8221; text_color=&#8221;dark&#8221; text_align=&#8221;left&#8221; row_border_radius=&#8221;none&#8221; row_border_radius_applies=&#8221;bg&#8221; overflow=&#8221;visible&#8221; overlay_strength=&#8221;0.3&#8243; gradient_direction=&#8221;left_to_right&#8221; shape_divider_position=&#8221;bottom&#8221; bg_image_animation=&#8221;none&#8221;][vc_column column_padding=&#8221;no-extra-padding&#8221; column_padding_tablet=&#8221;inherit&#8221; column_padding_phone=&#8221;inherit&#8221; column_padding_position=&#8221;all&#8221; column_element_spacing=&#8221;default&#8221; background_color_opacity=&#8221;1&#8243; background_hover_color_opacity=&#8221;1&#8243; column_shadow=&#8221;none&#8221; column_border_radius=&#8221;none&#8221; column_link_target=&#8221;_self&#8221; column_position=&#8221;default&#8221; gradient_direction=&#8221;left_to_right&#8221; overlay_strength=&#8221;0.3&#8243;...","og_url":"https:\/\/tsvmusberg.de\/fussball\/inklusion\/news-inklusion\/was-fuer-ein-grossartiger-abend\/","og_site_name":"Fu\u00dfball","article_published_time":"2021-09-06T12:46:44+00:00","article_modified_time":"2022-08-05T13:04:44+00:00","og_image":[{"width":2560,"height":2050,"url":"https:\/\/tsvmusberg.de\/fussball\/wp-content\/uploads\/sites\/14\/TSV_Musberg_1-scaled.jpg","type":"image\/jpeg"}],"author":"inklusion","twitter_card":"summary_large_image","twitter_misc":{"Verfasst von":"inklusion","Gesch\u00e4tzte Lesezeit":"2\u00a0Minuten"},"schema":{"@context":"https:\/\/schema.org","@graph":[{"@type":"Article","@id":"https:\/\/tsvmusberg.de\/fussball\/inklusion\/news-inklusion\/was-fuer-ein-grossartiger-abend\/#article","isPartOf":{"@id":"https:\/\/tsvmusberg.de\/fussball\/inklusion\/news-inklusion\/was-fuer-ein-grossartiger-abend\/"},"author":{"name":"inklusion","@id":"https:\/\/tsvmusberg.de\/fussball\/#\/schema\/person\/3772a19f3c5855ee42d17d94e01f8b7d"},"headline":"Was f\u00fcr ein gro\u00dfartiger Abend!!!!!","datePublished":"2021-09-06T12:46:44+00:00","dateModified":"2022-08-05T13:04:44+00:00","mainEntityOfPage":{"@id":"https:\/\/tsvmusberg.de\/fussball\/inklusion\/news-inklusion\/was-fuer-ein-grossartiger-abend\/"},"wordCount":439,"publisher":{"@id":"https:\/\/tsvmusberg.de\/fussball\/#organization"},"image":{"@id":"https:\/\/tsvmusberg.de\/fussball\/inklusion\/news-inklusion\/was-fuer-ein-grossartiger-abend\/#primaryimage"},"thumbnailUrl":"https:\/\/tsvmusberg.de\/fussball\/wp-content\/uploads\/sites\/14\/TSV_Musberg_1-scaled.jpg","articleSection":["Neuigkeiten"],"inLanguage":"de"},{"@type":"WebPage","@id":"https:\/\/tsvmusberg.de\/fussball\/inklusion\/news-inklusion\/was-fuer-ein-grossartiger-abend\/","url":"https:\/\/tsvmusberg.de\/fussball\/inklusion\/news-inklusion\/was-fuer-ein-grossartiger-abend\/","name":"Was f\u00fcr ein gro\u00dfartiger Abend!!!!! | Fu\u00dfball","isPartOf":{"@id":"https:\/\/tsvmusberg.de\/fussball\/#website"},"primaryImageOfPage":{"@id":"https:\/\/tsvmusberg.de\/fussball\/inklusion\/news-inklusion\/was-fuer-ein-grossartiger-abend\/#primaryimage"},"image":{"@id":"https:\/\/tsvmusberg.de\/fussball\/inklusion\/news-inklusion\/was-fuer-ein-grossartiger-abend\/#primaryimage"},"thumbnailUrl":"https:\/\/tsvmusberg.de\/fussball\/wp-content\/uploads\/sites\/14\/TSV_Musberg_1-scaled.jpg","datePublished":"2021-09-06T12:46:44+00:00","dateModified":"2022-08-05T13:04:44+00:00","breadcrumb":{"@id":"https:\/\/tsvmusberg.de\/fussball\/inklusion\/news-inklusion\/was-fuer-ein-grossartiger-abend\/#breadcrumb"},"inLanguage":"de","potentialAction":[{"@type":"ReadAction","target":["https:\/\/tsvmusberg.de\/fussball\/inklusion\/news-inklusion\/was-fuer-ein-grossartiger-abend\/"]}]},{"@type":"ImageObject","inLanguage":"de","@id":"https:\/\/tsvmusberg.de\/fussball\/inklusion\/news-inklusion\/was-fuer-ein-grossartiger-abend\/#primaryimage","url":"https:\/\/tsvmusberg.de\/fussball\/wp-content\/uploads\/sites\/14\/TSV_Musberg_1-scaled.jpg","contentUrl":"https:\/\/tsvmusberg.de\/fussball\/wp-content\/uploads\/sites\/14\/TSV_Musberg_1-scaled.jpg","width":2560,"height":2050},{"@type":"BreadcrumbList","@id":"https:\/\/tsvmusberg.de\/fussball\/inklusion\/news-inklusion\/was-fuer-ein-grossartiger-abend\/#breadcrumb","itemListElement":[{"@type":"ListItem","position":1,"name":"Startseite","item":"https:\/\/tsvmusberg.de\/fussball\/"},{"@type":"ListItem","position":2,"name":"Was f\u00fcr ein gro\u00dfartiger Abend!!!!!"}]},{"@type":"WebSite","@id":"https:\/\/tsvmusberg.de\/fussball\/#website","url":"https:\/\/tsvmusberg.de\/fussball\/","name":"Fu\u00dfball","description":"Turn- und Sportvereinigung in Leinfelden-Echterdingen","publisher":{"@id":"https:\/\/tsvmusberg.de\/fussball\/#organization"},"potentialAction":[{"@type":"SearchAction","target":{"@type":"EntryPoint","urlTemplate":"https:\/\/tsvmusberg.de\/fussball\/?s={search_term_string}"},"query-input":{"@type":"PropertyValueSpecification","valueRequired":true,"valueName":"search_term_string"}}],"inLanguage":"de"},{"@type":"Organization","@id":"https:\/\/tsvmusberg.de\/fussball\/#organization","name":"TSV Musberg e.V.","url":"https:\/\/tsvmusberg.de\/fussball\/","logo":{"@type":"ImageObject","inLanguage":"de","@id":"https:\/\/tsvmusberg.de\/fussball\/#\/schema\/logo\/image\/","url":"https:\/\/tsvmusberg.de\/fussball\/wp-content\/uploads\/sites\/14\/tsv-musberg-logo.svg","contentUrl":"https:\/\/tsvmusberg.de\/fussball\/wp-content\/uploads\/sites\/14\/tsv-musberg-logo.svg","width":1,"height":1,"caption":"TSV Musberg e.V."},"image":{"@id":"https:\/\/tsvmusberg.de\/fussball\/#\/schema\/logo\/image\/"}},{"@type":"Person","@id":"https:\/\/tsvmusberg.de\/fussball\/#\/schema\/person\/3772a19f3c5855ee42d17d94e01f8b7d","name":"inklusion","image":{"@type":"ImageObject","inLanguage":"de","@id":"https:\/\/secure.gravatar.com\/avatar\/73475a598e6cd7a5da612a3da36356b27cc0221200b0697cf6e9bdabe92c3735?s=96&d=mm&r=g","url":"https:\/\/secure.gravatar.com\/avatar\/73475a598e6cd7a5da612a3da36356b27cc0221200b0697cf6e9bdabe92c3735?s=96&d=mm&r=g","contentUrl":"https:\/\/secure.gravatar.com\/avatar\/73475a598e6cd7a5da612a3da36356b27cc0221200b0697cf6e9bdabe92c3735?s=96&d=mm&r=g","caption":"inklusion"},"url":"https:\/\/tsvmusberg.de\/fussball\/author\/inklusion\/"}]}},"_links":{"self":[{"href":"https:\/\/tsvmusberg.de\/fussball\/wp-json\/wp\/v2\/posts\/1011","targetHints":{"allow":["GET"]}}],"collection":[{"href":"https:\/\/tsvmusberg.de\/fussball\/wp-json\/wp\/v2\/posts"}],"about":[{"href":"https:\/\/tsvmusberg.de\/fussball\/wp-json\/wp\/v2\/types\/post"}],"author":[{"embeddable":true,"href":"https:\/\/tsvmusberg.de\/fussball\/wp-json\/wp\/v2\/users\/5"}],"replies":[{"embeddable":true,"href":"https:\/\/tsvmusberg.de\/fussball\/wp-json\/wp\/v2\/comments?post=1011"}],"version-history":[{"count":1,"href":"https:\/\/tsvmusberg.de\/fussball\/wp-json\/wp\/v2\/posts\/1011\/revisions"}],"predecessor-version":[{"id":1012,"href":"https:\/\/tsvmusberg.de\/fussball\/wp-json\/wp\/v2\/posts\/1011\/revisions\/1012"}],"wp:featuredmedia":[{"embeddable":true,"href":"https:\/\/tsvmusberg.de\/fussball\/wp-json\/wp\/v2\/media\/939"}],"wp:attachment":[{"href":"https:\/\/tsvmusberg.de\/fussball\/wp-json\/wp\/v2\/media?parent=1011"}],"wp:term":[{"taxonomy":"category","embeddable":true,"href":"https:\/\/tsvmusberg.de\/fussball\/wp-json\/wp\/v2\/categories?post=1011"},{"taxonomy":"post_tag","embeddable":true,"href":"https:\/\/tsvmusberg.de\/fussball\/wp-json\/wp\/v2\/tags?post=1011"}],"curies":[{"name":"wp","href":"https:\/\/api.w.org\/{rel}","templated":true}]}}